{"id":6839,"date":"2018-04-01T10:08:56","date_gmt":"2018-04-01T09:08:56","guid":{"rendered":"http:\/\/araminteriors.com\/?p=6839"},"modified":"2021-02-06T16:02:17","modified_gmt":"2021-02-06T15:02:17","slug":"reforma-cuina-sant-just-desvern","status":"publish","type":"post","link":"https:\/\/araminteriors.com\/ca\/reforma-cuina-sant-just-desvern\/","title":{"rendered":"Reforma cuina a Sant Just Desvern"},"content":{"rendered":"<div id=\"pl-6839\"  class=\"panel-layout\" ><div id=\"pg-6839-0\"  class=\"panel-grid panel-no-style\" ><div id=\"pgc-6839-0-0\"  class=\"panel-grid-cell\" ><div id=\"panel-6839-0-0-0\" class=\"so-panel widget widget_sow-editor panel-first-child\" data-index=\"0\" ><div\n\t\t\t\n\t\t\tclass=\"so-widget-sow-editor so-widget-sow-editor-base\"\n\t\t\t\n\t\t>\n<div class=\"siteorigin-widget-tinymce textwidget\">\n\t<p style=\"text-align: justify;\">Per a aquesta <strong>reforma d'una cuina<\/strong> en una casa situada a Sant Just Desvern, Barcelona, el nostre client ens va demanar una distribuci\u00f3 el m\u00e9s c\u00f2moda i pr\u00e0ctica possible, amb amplis calaixos gaveters i altres accessoris col\u00b7locats segons les seves necessitats: en conjunt, una cuina molt completa.<\/p>\n<h2>El projecte de reforma<\/h2>\n<p style=\"text-align: justify;\">Per a aquest projecte de reforma es va escollir un <a title=\"Visualitzar diferents models i acabats de mobles de cuina\" href=\"https:\/\/araminteriors.com\/ca\/cuines\/mobles-de-cuina\/\" target=\"_blank\" rel=\"noopener\">model de moble de cuina<\/a> combinant\u00a0colors blanc lluent i gris mate, amb una porta totalment llisa i un tirador allargat que ocupa pr\u00e0cticament tot l'ample de la porta. Per als damunters es va utilitzar un Silestone de color blanc i per a contrastar, el revestiment de parets entre mobles amb color negre. Per als electrodom\u00e8stics, l'acabat d'acer inoxidable.<\/p>\n<p>&nbsp;<\/p>\n<figure id=\"attachment_2045\" aria-describedby=\"caption-attachment-2045\" style=\"width: 950px\" class=\"wp-caption aligncenter\"><a href=\"https:\/\/araminteriors.com\/wp-content\/uploads\/2011\/01\/a1006-e1394966900783.jpg\"><img decoding=\"async\" class=\"wp-image-2045 size-full\" title=\"Detall electrodom\u00e8stics en columnas\" src=\"https:\/\/araminteriors.com\/wp-content\/uploads\/2011\/01\/a1006-e1394966900783.jpg\" alt=\"Detall electrodom\u00e8stics en columnas\" width=\"960\" height=\"641\" srcset=\"https:\/\/araminteriors.com\/wp-content\/uploads\/2011\/01\/a1006-e1394966900783.jpg 960w, https:\/\/araminteriors.com\/wp-content\/uploads\/2011\/01\/a1006-e1394966900783-225x150.jpg 225w, https:\/\/araminteriors.com\/wp-content\/uploads\/2011\/01\/a1006-e1394966900783-500x334.jpg 500w, https:\/\/araminteriors.com\/wp-content\/uploads\/2011\/01\/a1006-e1394966900783-300x200.jpg 300w, https:\/\/araminteriors.com\/wp-content\/uploads\/2011\/01\/a1006-e1394966900783-272x182.jpg 272w\" sizes=\"(max-width: 960px) 100vw, 960px\" \/><\/a><figcaption id=\"caption-attachment-2045\" class=\"wp-caption-text\">Detall electrodom\u00e8stics en columnas<\/figcaption><\/figure>\n<p>&nbsp;<\/p>\n<p style=\"text-align: justify;\">Les generoses mides de l\u2019espai\u00a0 ens\u00a0 varen permetre fer una distribuci\u00f3 perimetral de columnes i una illa central. En aquest per\u00edmetre es va optar per col\u00b7locar forn, microones, i cafetera en columna per l'evident comoditat a l'hora de treballar, i alhora crear una zona annexa d\u2019 espai d\u2019emmagatzematge. Al fons podem veure la nevera americana i una columna de neteja.<\/p>\n<p style=\"text-align: justify;\">Al centre de la cuina, una illa que a m\u00e9s a m\u00e9s d\u2019ampli espai de treball, uneix \u00f2pticament tot l\u2019espai. Una gran taula de treball amb una aig\u00fcera annexa de <a title=\"Veure cat\u00e0leg d' aig\u00fceres Blanco\" href=\"https:\/\/araminteriors.com\/ca\/cuines\/electrodomestics\/aigueres-blanco\/\" target=\"_blank\" rel=\"noopener\">Blanco<\/a>, galleda de brossa de superf\u00edcie i una aixeta d\u2019osmosi. La zona en volad\u00eds ens permet esmorzar o fer un mos sense despla\u00e7ar-nos al menjador. Per completar el conjunt unes llumin\u00e0ries \u00a0de Vibia i uns tamborets model Onda d\u2019Stua, veure <a title=\"Veure cat\u00e0leg tamboret ONDA de Stua\" href=\"https:\/\/araminteriors.com\/ca\/portfoli\/tamboret-onda-stua\/\" target=\"_blank\" rel=\"noopener\">aqu\u00ed<\/a>.<\/p>\n<p>&nbsp;<\/p>\n<figure id=\"attachment_2042\" aria-describedby=\"caption-attachment-2042\" style=\"width: 950px\" class=\"wp-caption aligncenter\"><a href=\"https:\/\/araminteriors.com\/wp-content\/uploads\/2011\/01\/cuinasantjust2-e1394966964967.jpg\" target=\"_blank\" rel=\"attachment wp-att-2042 noopener\"><img decoding=\"async\" class=\"wp-image-2042 size-full\" title=\"Detall de zona illa i cocci\u00f3\" src=\"https:\/\/araminteriors.com\/wp-content\/uploads\/2011\/01\/cuinasantjust2-e1394966964967.jpg\" alt=\"Detall de zona illa i cocci\u00f3\" width=\"960\" height=\"640\" srcset=\"https:\/\/araminteriors.com\/wp-content\/uploads\/2011\/01\/cuinasantjust2-e1394966964967.jpg 960w, https:\/\/araminteriors.com\/wp-content\/uploads\/2011\/01\/cuinasantjust2-e1394966964967-225x150.jpg 225w, https:\/\/araminteriors.com\/wp-content\/uploads\/2011\/01\/cuinasantjust2-e1394966964967-272x182.jpg 272w\" sizes=\"(max-width: 960px) 100vw, 960px\" \/><\/a><figcaption id=\"caption-attachment-2042\" class=\"wp-caption-text\">Detall de zona illa i cocci\u00f3<\/figcaption><\/figure>\n<p>&nbsp;<\/p>\n<p style=\"text-align: justify;\">La campana escollida es un model\u00a0\u00a0de <a title=\"Cat\u00e0leg de campanes Gutmann\" href=\"https:\/\/araminteriors.com\/ca\/cuines\/electrodomestics\/campanes-gutmann\/\" target=\"_blank\" rel=\"noopener\">Gutmann <\/a>de gran pot\u00e8ncia d'aspiraci\u00f3 i efic\u00e0cia m\u00e9s que provada d'un dels millors fabricants d'extracci\u00f3 actuals.<\/p>\n<p style=\"text-align: justify;\">A la zona de cocci\u00f3 es van allotjar diversos elements modulars els quals ens donen la possibilitat de poder cuinar amb <strong>inducci\u00f3, barbacoa, gas i Teppan Yaki<\/strong> (tot de <a href=\"https:\/\/araminteriors.com\/ca\/cuines\/electrodomestics\/neff\/\">Neff electrodom\u00e8stics<\/a>) amb calaixos gaveters situats sota perqu\u00e8 sigui r\u00e0pid l'acc\u00e9s a paelles i altres estris que puguem necessitar mentre cuinem.<\/p>\n<p>En la paret esquerra de l'entrada, es va decidir col\u00b7locar una columna de rebost i el <a title=\"Frigor\u00edfics Liebherr\" href=\"https:\/\/araminteriors.com\/ca\/cuines\/electrodomestics\/frigorifics-liebherr\/\" target=\"_blank\" rel=\"noopener\">frigor\u00edfic americ\u00e0<\/a>\u00a0de Liebherr, de nou afegir que la generositat de l'espai ens va permetre diferenciar molt clarament les diferents zones.<\/p>\n<p style=\"text-align: justify;\">Per a la zona office-menjador, \u00a0tot i estar en una sala annexa, es va decidir donar continu\u00eftat amb els tractaments (paviment i pintura)\u00a0 i \u00a0colors utilitzats a la cuina, col\u00b7locant una taula blanca amb estructura d\u2019alumini color plata i unes cadires d'estructura realitzada en vareta d'acer i el seient-respatller tamb\u00e9 en blanc.<\/p>\n<p>&nbsp;<\/p>\n<figure id=\"attachment_2245\" aria-describedby=\"caption-attachment-2245\" style=\"width: 850px\" class=\"wp-caption aligncenter\"><a title=\"Reforma s Sant Just, zona office-menjador\" href=\"https:\/\/araminteriors.com\/wp-content\/uploads\/2014\/03\/Zona-office-comedor-copia-e1417824370730.png\"><img decoding=\"async\" class=\"wp-image-2245 size-full\" title=\"Zona office menjador\" src=\"https:\/\/araminteriors.com\/wp-content\/uploads\/2014\/03\/Zona-office-comedor-copia-e1417824370730.png\" alt=\"Zona office menjador\" width=\"860\" height=\"607\" \/><\/a><figcaption id=\"caption-attachment-2245\" class=\"wp-caption-text\">Zona office menjador<\/figcaption><\/figure>\n<p>&nbsp;<\/p>\n<p style=\"text-align: justify;\">La taula es va situar just sota la finestra per aprofitar al m\u00e0xim la llum natural i com no, gaudir de les vistes. Com a complement es va triar una lampara d'acabat semi-transparent que resulta molt lleugera visualment i aix\u00ed poder dotar de sensaci\u00f3 d'amplitud a l'espai.<\/p>\n<p style=\"text-align: justify;\">Les parets, tant de la cuina com de l\u2019office es varen pintar amb un estuc en fred color clar, combinat amb laca gris fosc.<\/p>\n<hr \/>\n<p>Esperem que us hagi agradat el projecte, no dubteu a deixar-nos els vostres comentaris. Per a m\u00e9s informaci\u00f3 sobre els nostres treballs visiti <a title=\"Estem especialitzats en reformes integrals.\" href=\"https:\/\/araminteriors.com\/ca\/reformes-integrals-barcelona\/\">reformes integrals a Barcelona<\/a>.<\/p>\n<\/div>\n<\/div><\/div><div id=\"panel-6839-0-0-1\" class=\"so-panel widget widget_sow-editor\" data-index=\"1\" ><div\n\t\t\t\n\t\t\tclass=\"so-widget-sow-editor so-widget-sow-editor-base\"\n\t\t\t\n\t\t>\n<div class=\"siteorigin-widget-tinymce textwidget\">\n\t<p>[ssbp]<\/p>\n<\/div>\n<\/div><\/div><div id=\"panel-6839-0-0-2\" class=\"so-panel widget widget_sow-post-carousel panel-last-child\" data-index=\"2\" ><div\n\t\t\t\n\t\t\tclass=\"so-widget-sow-post-carousel so-widget-sow-post-carousel-base-ad93eedad001-6839\"\n\t\t\t\n\t\t>\t<div\n\t\tclass=\"sow-post-carousel-wrapper sow-post-carousel-theme-base\"\n\t\tstyle=\"overflow: hidden; max-width: 100%; min-height: 182px\"\n\t>\n\t\t<div class=\"sow-carousel-title has-title\">\n\t<h3 class=\"widget-title\">Altres articles:<\/h3>\t\t<div class=\"sow-carousel-navigation \">\n\t\t\t\t\t\t<a href=\"#\" class=\"sow-carousel-next\" title=\"Next\" aria-label=\"Next Posts\" role=\"button\"><\/a>\n\t\t\t\t\t\t<a href=\"#\" class=\"sow-carousel-previous\" title=\"Previous\" aria-label=\"Previous Posts\" role=\"button\"><\/a>\n\t\t\t\t\t<\/div>\n\t<\/div>\n\n<div class=\"sow-carousel-container \">\n\t\t<div class=\"sow-carousel-wrapper\"\n\t\tdata-dir=\"ltr\"\n\t\tstyle=\"opacity: 0;\"\n\t\tdata-widget=\"post\" data-fetching=\"false\" data-page=\"1\" data-ajax-url=\"https:\/\/araminteriors.com\/wp-admin\/admin-ajax.php?_widgets_nonce=b8777710df\" data-item_count=\"10\" data-carousel_settings=\"{&quot;loop&quot;:true,&quot;animation&quot;:&quot;Ease&quot;,&quot;animation_speed&quot;:400,&quot;autoplay&quot;:&quot;&quot;,&quot;pauseOnHover&quot;:&quot;&quot;,&quot;autoplaySpeed&quot;:8000,&quot;item_overflow&quot;:true,&quot;autoplay_continuous_scroll&quot;:false}\" data-responsive=\"{&quot;desktop_slides_to_scroll&quot;:1,&quot;tablet_landscape_breakpoint&quot;:1366,&quot;tablet_landscape_slides_to_scroll&quot;:2,&quot;tablet_portrait_breakpoint&quot;:1025,&quot;tablet_portrait_slides_to_scroll&quot;:2,&quot;mobile_breakpoint&quot;:480,&quot;mobile_slides_to_scroll&quot;:1}\" data-variable_width=\"true\" \t>\n\t\t<div\n\t\t\tclass=\"sow-carousel-items\"\n\t\t\t\t\t>\n\t\t\t\t<div class=\"sow-carousel-item\" tabindex=\"-1\" style=\"float: left;\">\n\t\t<div class=\"sow-carousel-thumbnail\">\n\t\t\t\t\t\t\t<a\n\t\t\t\t\thref=\"https:\/\/araminteriors.com\/ca\/reforma-local-comercial-a-gala-placidia-barcelona\/\"\n\t\t\t\t\t\t\t\t\t\tstyle=\"background-image: url( https:\/\/araminteriors.com\/wp-content\/uploads\/2014\/06\/Reforma-local-comercial-Gala-Placidia-Barcelona-272x182.jpg )\"\n\t\t\t\t\taria-labelledby=\"sow-carousel-id-6869\"\n\t\t\t\t\ttabindex=\"-1\"\n\t\t\t\t>\n\t\t\t\t\t<span class=\"overlay\"><\/span>\n\t\t\t\t<\/a>\n\t\t\t\t\t<\/div>\n\t\t<h3 class=\"sow-carousel-item-title\">\n\t\t\t<a\n\t\t\t\thref=\"https:\/\/araminteriors.com\/ca\/reforma-local-comercial-a-gala-placidia-barcelona\/\"\n\t\t\t\tid=\"sow-carousel-id-6869\"\n\t\t\t\t\t\t\t\ttabindex=\"-1\"\n\t\t\t>\n\n\t\t\t\tReforma local comercial a Pl. Gala Placidia, Barcelona\t\t\t<\/a>\n\t\t<\/h3>\n\t<\/div>\n\t\t<div class=\"sow-carousel-item\" tabindex=\"-1\" style=\"float: left;\">\n\t\t<div class=\"sow-carousel-thumbnail\">\n\t\t\t\t\t\t\t<a\n\t\t\t\t\thref=\"https:\/\/araminteriors.com\/ca\/reforma-cuina-oberta-gracia-barcelona\/\"\n\t\t\t\t\t\t\t\t\t\tstyle=\"background-image: url( https:\/\/araminteriors.com\/wp-content\/uploads\/2017\/12\/Reforma-cocina-abierta-Gracia-Imagen-Principal--272x182.jpg )\"\n\t\t\t\t\taria-labelledby=\"sow-carousel-id-6719\"\n\t\t\t\t\ttabindex=\"-1\"\n\t\t\t\t>\n\t\t\t\t\t<span class=\"overlay\"><\/span>\n\t\t\t\t<\/a>\n\t\t\t\t\t<\/div>\n\t\t<h3 class=\"sow-carousel-item-title\">\n\t\t\t<a\n\t\t\t\thref=\"https:\/\/araminteriors.com\/ca\/reforma-cuina-oberta-gracia-barcelona\/\"\n\t\t\t\tid=\"sow-carousel-id-6719\"\n\t\t\t\t\t\t\t\ttabindex=\"-1\"\n\t\t\t>\n\n\t\t\t\tReforma de cuina oberta a Gr\u00e0cia, Barcelona\t\t\t<\/a>\n\t\t<\/h3>\n\t<\/div>\n\t\t<div class=\"sow-carousel-item\" tabindex=\"-1\" style=\"float: left;\">\n\t\t<div class=\"sow-carousel-thumbnail\">\n\t\t\t\t\t\t\t<a\n\t\t\t\t\thref=\"https:\/\/araminteriors.com\/ca\/reforma-cuina-a-sarria-barcelona\/\"\n\t\t\t\t\t\t\t\t\t\tstyle=\"background-image: url( https:\/\/araminteriors.com\/wp-content\/uploads\/2015\/01\/Reforma-cocina-Sarria-Barcelona--272x182.jpg )\"\n\t\t\t\t\taria-labelledby=\"sow-carousel-id-6877\"\n\t\t\t\t\ttabindex=\"-1\"\n\t\t\t\t>\n\t\t\t\t\t<span class=\"overlay\"><\/span>\n\t\t\t\t<\/a>\n\t\t\t\t\t<\/div>\n\t\t<h3 class=\"sow-carousel-item-title\">\n\t\t\t<a\n\t\t\t\thref=\"https:\/\/araminteriors.com\/ca\/reforma-cuina-a-sarria-barcelona\/\"\n\t\t\t\tid=\"sow-carousel-id-6877\"\n\t\t\t\t\t\t\t\ttabindex=\"-1\"\n\t\t\t>\n\n\t\t\t\tReforma cuina a Sarri\u00e0, Barcelona\t\t\t<\/a>\n\t\t<\/h3>\n\t<\/div>\n\t\t<div class=\"sow-carousel-item\" tabindex=\"-1\" style=\"float: left;\">\n\t\t<div class=\"sow-carousel-thumbnail\">\n\t\t\t\t\t\t\t<a\n\t\t\t\t\thref=\"https:\/\/araminteriors.com\/ca\/nova-exposicio\/\"\n\t\t\t\t\t\t\t\t\t\tstyle=\"background-image: url( https:\/\/araminteriors.com\/wp-content\/uploads\/2016\/09\/Interiorismo-Showroom-Aram-Interiors-2-272x182.jpg )\"\n\t\t\t\t\taria-labelledby=\"sow-carousel-id-6910\"\n\t\t\t\t\ttabindex=\"-1\"\n\t\t\t\t>\n\t\t\t\t\t<span class=\"overlay\"><\/span>\n\t\t\t\t<\/a>\n\t\t\t\t\t<\/div>\n\t\t<h3 class=\"sow-carousel-item-title\">\n\t\t\t<a\n\t\t\t\thref=\"https:\/\/araminteriors.com\/ca\/nova-exposicio\/\"\n\t\t\t\tid=\"sow-carousel-id-6910\"\n\t\t\t\t\t\t\t\ttabindex=\"-1\"\n\t\t\t>\n\n\t\t\t\tInteriorisme local comercial Aram interiors\t\t\t<\/a>\n\t\t<\/h3>\n\t<\/div>\n\t\t\t<\/div>\n\t\t\t<\/div>\n\n\t<\/div>\n\t\t<input type=\"hidden\" name=\"instance_hash\" value=\"14739292\"\/>\n\t<\/div>\n<\/div><\/div><\/div><\/div><\/div>","protected":false},"excerpt":{"rendered":"<p style=\"text-align: justify;\">Per a aquesta reforma d&#8217;una cuina en una casa unifamiliar situada a  Sant Just Desvern, es va optar per una distribuci\u00f3 el m\u00e9s c\u00f2moda i pr\u00e0ctica possible per als seus propietaris.<\/p>\n","protected":false},"author":3,"featured_media":6285,"comment_status":"closed","ping_status":"closed","sticky":false,"template":"","format":"standard","meta":{"generate_page_header":"","footnotes":""},"categories":[57],"tags":[63],"class_list":["post-6839","post","type-post","status-publish","format-standard","has-post-thumbnail","hentry","category-reformes-a-barcelona","tag-projectes-reformes-cuines","generate-columns","tablet-grid-50","mobile-grid-100","grid-parent","grid-33"],"aioseo_notices":[],"_links":{"self":[{"href":"https:\/\/araminteriors.com\/ca\/wp-json\/wp\/v2\/posts\/6839","targetHints":{"allow":["GET"]}}],"collection":[{"href":"https:\/\/araminteriors.com\/ca\/wp-json\/wp\/v2\/posts"}],"about":[{"href":"https:\/\/araminteriors.com\/ca\/wp-json\/wp\/v2\/types\/post"}],"author":[{"embeddable":true,"href":"https:\/\/araminteriors.com\/ca\/wp-json\/wp\/v2\/users\/3"}],"replies":[{"embeddable":true,"href":"https:\/\/araminteriors.com\/ca\/wp-json\/wp\/v2\/comments?post=6839"}],"version-history":[{"count":2,"href":"https:\/\/araminteriors.com\/ca\/wp-json\/wp\/v2\/posts\/6839\/revisions"}],"predecessor-version":[{"id":15107,"href":"https:\/\/araminteriors.com\/ca\/wp-json\/wp\/v2\/posts\/6839\/revisions\/15107"}],"wp:featuredmedia":[{"embeddable":true,"href":"https:\/\/araminteriors.com\/ca\/wp-json\/wp\/v2\/media\/6285"}],"wp:attachment":[{"href":"https:\/\/araminteriors.com\/ca\/wp-json\/wp\/v2\/media?parent=6839"}],"wp:term":[{"taxonomy":"category","embeddable":true,"href":"https:\/\/araminteriors.com\/ca\/wp-json\/wp\/v2\/categories?post=6839"},{"taxonomy":"post_tag","embeddable":true,"href":"https:\/\/araminteriors.com\/ca\/wp-json\/wp\/v2\/tags?post=6839"}],"curies":[{"name":"wp","href":"https:\/\/api.w.org\/{rel}","templated":true}]}}