{"id":6850,"date":"2018-03-31T19:36:38","date_gmt":"2018-03-31T18:36:38","guid":{"rendered":"http:\/\/araminteriors.com\/?p=6850"},"modified":"2021-02-06T16:18:19","modified_gmt":"2021-02-06T15:18:19","slug":"reforma-cuina-atic-barcelona","status":"publish","type":"post","link":"https:\/\/araminteriors.com\/ca\/reforma-cuina-atic-barcelona\/","title":{"rendered":"Reforma cuina en un \u00e0tic a Barcelona"},"content":{"rendered":"<div id=\"pl-6850\"  class=\"panel-layout\" ><div id=\"pg-6850-0\"  class=\"panel-grid panel-no-style\" ><div id=\"pgc-6850-0-0\"  class=\"panel-grid-cell\" ><div id=\"panel-6850-0-0-0\" class=\"so-panel widget widget_sow-editor panel-first-child\" data-index=\"0\" ><div\n\t\t\t\n\t\t\tclass=\"so-widget-sow-editor so-widget-sow-editor-base\"\n\t\t\t\n\t\t>\n<div class=\"siteorigin-widget-tinymce textwidget\">\n\t<p style=\"text-align: justify;\">Presentem el projecte <strong>de reforma de cuina<\/strong> en un preci\u00f3s <strong>\u00e0tic a Barcelona<\/strong> amb una gran terrassa i unes magn\u00edfiques vistes al mar. En aquest apartament em fet una reforma integral, que inclou tamb\u00e9 la terrassa.<\/p>\n<p style=\"text-align: justify;\">Els seus propietaris, una parella jove sense fills, volia aprofitar la lluminositat de l'apartament al m\u00e0xim obrint la cuina al sal\u00f3-menjador i instal\u00b7lar un mobiliari i damunters de color blanc que els don\u00e9s la sensaci\u00f3 de m\u00e0xima amplitud.<\/p>\n<p>&nbsp;<\/p>\n<figure id=\"attachment_2525\" aria-describedby=\"caption-attachment-2525\" style=\"width: 940px\" class=\"wp-caption aligncenter\"><a href=\"https:\/\/araminteriors.com\/wp-content\/uploads\/2014\/03\/Reforma-cocina-atico.jpg\"><img decoding=\"async\" class=\"wp-image-2525 size-full\" title=\"Reforma cuina \u00e0tic Barcelona\" src=\"https:\/\/araminteriors.com\/wp-content\/uploads\/2014\/03\/Reforma-cocina-atico.jpg\" alt=\"Reforma cuina \u00e0tic Barcelona\" width=\"950\" height=\"475\" srcset=\"https:\/\/araminteriors.com\/wp-content\/uploads\/2014\/03\/Reforma-cocina-atico.jpg 950w, https:\/\/araminteriors.com\/wp-content\/uploads\/2014\/03\/Reforma-cocina-atico-500x250.jpg 500w\" sizes=\"(max-width: 950px) 100vw, 950px\" \/><\/a><figcaption id=\"caption-attachment-2525\" class=\"wp-caption-text\">Reforma cuina \u00e0tic<\/figcaption><\/figure>\n<p style=\"text-align: justify;\">Es va prendre la decisi\u00f3 d\u2019integrar els electrodom\u00e8stics, com rentavaixelles i frigor\u00edfic, perqu\u00e8 result\u00e9s m\u00e9s elegant a la vista des de el menjador. Es va incloure una barra per esmorzars. cosa molt habitual en l\u2019estil de vida actual.<\/p>\n<p style=\"text-align: justify;\">Procurant no trencar amb la l\u00ednia est\u00e8tica, es va escollir una campana de la <strong>marca alemanya <a title=\"Neff electrodom\u00e8stics\" href=\"https:\/\/araminteriors.com\/ca\/cuines\/electrodomestics\/neff\/\">Neff<\/a><\/strong> despr\u00e9s de l'estudi previ de les necessitats d'extracci\u00f3 per a la sala i d'aquesta manera no tenir problemes d'olors i fum en el menjador, en ser un espai totalment obert.<\/p>\n<p style=\"text-align: justify;\">Per als damunters es va escollir Silestone en color blanc (<a title=\"Damunters de cuina\" href=\"https:\/\/araminteriors.com\/ca\/cuines\/damunters-per-a-cuina\/\" target=\"_blank\" rel=\"noopener\">veure tipus de damunters<\/a>)\u00a0i la paret, un revestiment del mateix material, en un gris fosc per contrastar.<\/p>\n<p style=\"text-align: justify;\">Varem recomanar \u00a0als clients la col\u00b7locaci\u00f3 d'un parquet laminat de lama ample en acabat roure blanc que li donava mes lluminositat a l'estada, i, unit a la llum natural d'aquest apartament vam aconseguir la sensaci\u00f3 d'amplitud que els nostres clients buscaven.<\/p>\n<p style=\"text-align: justify;\">En quant a la taula, cadires i tamborets, es va triar una gamma del <a title=\"Cat\u00e0leg de STUA Mobles de disseny\" href=\"https:\/\/araminteriors.com\/ca\/stua-mobles-de-disseny\/\" target=\"_blank\" rel=\"noopener\">cat\u00e0leg de Stua<\/a>. Un producte que per les seves l\u00ednies estilitzades encaixa molt b\u00e9 amb la decoraci\u00f3 i amb l'estil dels propietaris. El tamboret escollit, <strong>model Onda<\/strong>, t\u00e9 una l\u00ednia que ens va agradar molt per adaptar-la al disseny,\u00a0a part de la comoditat que ofereix en asseure's ja que disposa d'una forma molt anat\u00f2mica amb un petit respatller que s'adapta molt b\u00e9 a la zona lumbar.<\/p>\n<p style=\"text-align: justify;\">Com a detall final, es va triar una pintura de l'artista Mark Rothko per donar un toc de color i personalitat a l'estada.<\/p>\n<p style=\"text-align: justify;\">Si ho desitges pots ampliar la informaci\u00f3 sobre <a title=\"Realitzem la reforma completa de la cuina \" href=\"https:\/\/araminteriors.com\/ca\/cuines\/\">reformes de cuines<\/a> , o pots accedir a la p\u00e0gina en la qual parlem de les <a title=\"Realitzem el servei de reformes integrals\" href=\"https:\/\/araminteriors.com\/ca\/reformes-integrals-barcelona\/\">reformes integrals\u00a0de pisos<\/a> a Barcelona.<\/p>\n<hr \/>\n<p>Esperem us hagi agradat el projecte, si tens un habitatge per reformar i vols parlar-ne amb nosatres, pots sol\u00b7licitar una visita al nostre estudi d'interiorisme i rehabilitaci\u00f3 d'interiors, a trav\u00e9s del seg\u00fcent enlla\u00e7.<\/p>\n<p style=\"text-align: center;\"><a href=\"https:\/\/araminteriors.com\/ca\/contacte\/\"><span style=\"color: #fc5800;\">Sol\u00b7licitar visita a l'estudi -<\/span><\/a><\/p>\n<\/div>\n<\/div><\/div><div id=\"panel-6850-0-0-1\" class=\"so-panel widget widget_sow-editor\" data-index=\"1\" ><div\n\t\t\t\n\t\t\tclass=\"so-widget-sow-editor so-widget-sow-editor-base\"\n\t\t\t\n\t\t>\n<div class=\"siteorigin-widget-tinymce textwidget\">\n\t<p>[ssbp]<\/p>\n<\/div>\n<\/div><\/div><div id=\"panel-6850-0-0-2\" class=\"so-panel widget widget_sow-post-carousel panel-last-child\" data-index=\"2\" ><div\n\t\t\t\n\t\t\tclass=\"so-widget-sow-post-carousel so-widget-sow-post-carousel-base-ad93eedad001-6850\"\n\t\t\t\n\t\t>\t<div\n\t\tclass=\"sow-post-carousel-wrapper sow-post-carousel-theme-base\"\n\t\tstyle=\"overflow: hidden; max-width: 100%; min-height: 182px\"\n\t>\n\t\t<div class=\"sow-carousel-title has-title\">\n\t<h3 class=\"widget-title\">Altres articles:<\/h3>\t\t<div class=\"sow-carousel-navigation \">\n\t\t\t\t\t\t<a href=\"#\" class=\"sow-carousel-next\" title=\"Next\" aria-label=\"Next Posts\" role=\"button\"><\/a>\n\t\t\t\t\t\t<a href=\"#\" class=\"sow-carousel-previous\" title=\"Previous\" aria-label=\"Previous Posts\" role=\"button\"><\/a>\n\t\t\t\t\t<\/div>\n\t<\/div>\n\n<div class=\"sow-carousel-container \">\n\t\t<div class=\"sow-carousel-wrapper\"\n\t\tdata-dir=\"ltr\"\n\t\tstyle=\"opacity: 0;\"\n\t\tdata-widget=\"post\" data-fetching=\"false\" data-page=\"1\" data-ajax-url=\"https:\/\/araminteriors.com\/wp-admin\/admin-ajax.php?_widgets_nonce=b8777710df\" data-item_count=\"10\" data-carousel_settings=\"{&quot;loop&quot;:true,&quot;animation&quot;:&quot;Ease&quot;,&quot;animation_speed&quot;:400,&quot;autoplay&quot;:&quot;&quot;,&quot;pauseOnHover&quot;:&quot;&quot;,&quot;autoplaySpeed&quot;:8000,&quot;item_overflow&quot;:true,&quot;autoplay_continuous_scroll&quot;:false}\" data-responsive=\"{&quot;desktop_slides_to_scroll&quot;:1,&quot;tablet_landscape_breakpoint&quot;:1366,&quot;tablet_landscape_slides_to_scroll&quot;:2,&quot;tablet_portrait_breakpoint&quot;:1025,&quot;tablet_portrait_slides_to_scroll&quot;:2,&quot;mobile_breakpoint&quot;:480,&quot;mobile_slides_to_scroll&quot;:1}\" data-variable_width=\"true\" \t>\n\t\t<div\n\t\t\tclass=\"sow-carousel-items\"\n\t\t\t\t\t>\n\t\t\t\t<div class=\"sow-carousel-item\" tabindex=\"-1\" style=\"float: left;\">\n\t\t<div class=\"sow-carousel-thumbnail\">\n\t\t\t\t\t\t\t<a\n\t\t\t\t\thref=\"https:\/\/araminteriors.com\/ca\/reforma-cuina-oberta-gracia-barcelona\/\"\n\t\t\t\t\t\t\t\t\t\tstyle=\"background-image: url( https:\/\/araminteriors.com\/wp-content\/uploads\/2017\/12\/Reforma-cocina-abierta-Gracia-Imagen-Principal--272x182.jpg )\"\n\t\t\t\t\taria-labelledby=\"sow-carousel-id-6719\"\n\t\t\t\t\ttabindex=\"-1\"\n\t\t\t\t>\n\t\t\t\t\t<span class=\"overlay\"><\/span>\n\t\t\t\t<\/a>\n\t\t\t\t\t<\/div>\n\t\t<h3 class=\"sow-carousel-item-title\">\n\t\t\t<a\n\t\t\t\thref=\"https:\/\/araminteriors.com\/ca\/reforma-cuina-oberta-gracia-barcelona\/\"\n\t\t\t\tid=\"sow-carousel-id-6719\"\n\t\t\t\t\t\t\t\ttabindex=\"-1\"\n\t\t\t>\n\n\t\t\t\tReforma de cuina oberta a Gr\u00e0cia, Barcelona\t\t\t<\/a>\n\t\t<\/h3>\n\t<\/div>\n\t\t<div class=\"sow-carousel-item\" tabindex=\"-1\" style=\"float: left;\">\n\t\t<div class=\"sow-carousel-thumbnail\">\n\t\t\t\t\t\t\t<a\n\t\t\t\t\thref=\"https:\/\/araminteriors.com\/ca\/reforma-cuina-sant-just-desvern\/\"\n\t\t\t\t\t\t\t\t\t\tstyle=\"background-image: url( https:\/\/araminteriors.com\/wp-content\/uploads\/2017\/03\/Reforma-cocina-Sant-Just-Barcelona-272x182.jpg )\"\n\t\t\t\t\taria-labelledby=\"sow-carousel-id-6839\"\n\t\t\t\t\ttabindex=\"-1\"\n\t\t\t\t>\n\t\t\t\t\t<span class=\"overlay\"><\/span>\n\t\t\t\t<\/a>\n\t\t\t\t\t<\/div>\n\t\t<h3 class=\"sow-carousel-item-title\">\n\t\t\t<a\n\t\t\t\thref=\"https:\/\/araminteriors.com\/ca\/reforma-cuina-sant-just-desvern\/\"\n\t\t\t\tid=\"sow-carousel-id-6839\"\n\t\t\t\t\t\t\t\ttabindex=\"-1\"\n\t\t\t>\n\n\t\t\t\tReforma cuina a Sant Just Desvern\t\t\t<\/a>\n\t\t<\/h3>\n\t<\/div>\n\t\t<div class=\"sow-carousel-item\" tabindex=\"-1\" style=\"float: left;\">\n\t\t<div class=\"sow-carousel-thumbnail\">\n\t\t\t\t\t\t\t<a\n\t\t\t\t\thref=\"https:\/\/araminteriors.com\/ca\/reforma-cuina-a-sarria-barcelona\/\"\n\t\t\t\t\t\t\t\t\t\tstyle=\"background-image: url( https:\/\/araminteriors.com\/wp-content\/uploads\/2015\/01\/Reforma-cocina-Sarria-Barcelona--272x182.jpg )\"\n\t\t\t\t\taria-labelledby=\"sow-carousel-id-6877\"\n\t\t\t\t\ttabindex=\"-1\"\n\t\t\t\t>\n\t\t\t\t\t<span class=\"overlay\"><\/span>\n\t\t\t\t<\/a>\n\t\t\t\t\t<\/div>\n\t\t<h3 class=\"sow-carousel-item-title\">\n\t\t\t<a\n\t\t\t\thref=\"https:\/\/araminteriors.com\/ca\/reforma-cuina-a-sarria-barcelona\/\"\n\t\t\t\tid=\"sow-carousel-id-6877\"\n\t\t\t\t\t\t\t\ttabindex=\"-1\"\n\t\t\t>\n\n\t\t\t\tReforma cuina a Sarri\u00e0, Barcelona\t\t\t<\/a>\n\t\t<\/h3>\n\t<\/div>\n\t\t<div class=\"sow-carousel-item\" tabindex=\"-1\" style=\"float: left;\">\n\t\t<div class=\"sow-carousel-thumbnail\">\n\t\t\t\t\t\t\t<a\n\t\t\t\t\thref=\"https:\/\/araminteriors.com\/ca\/reforma-cuina-oberta-eixample-barcelona\/\"\n\t\t\t\t\t\t\t\t\t\tstyle=\"background-image: url( https:\/\/araminteriors.com\/wp-content\/uploads\/2018\/01\/Vista-general-cocina-abierta-Eixample-272x182.jpg )\"\n\t\t\t\t\taria-labelledby=\"sow-carousel-id-6708\"\n\t\t\t\t\ttabindex=\"-1\"\n\t\t\t\t>\n\t\t\t\t\t<span class=\"overlay\"><\/span>\n\t\t\t\t<\/a>\n\t\t\t\t\t<\/div>\n\t\t<h3 class=\"sow-carousel-item-title\">\n\t\t\t<a\n\t\t\t\thref=\"https:\/\/araminteriors.com\/ca\/reforma-cuina-oberta-eixample-barcelona\/\"\n\t\t\t\tid=\"sow-carousel-id-6708\"\n\t\t\t\t\t\t\t\ttabindex=\"-1\"\n\t\t\t>\n\n\t\t\t\tReforma cuina oberta a l&#8217; Eixample, Barcelona\t\t\t<\/a>\n\t\t<\/h3>\n\t<\/div>\n\t\t\t<\/div>\n\t\t\t<\/div>\n\n\t<\/div>\n\t\t<input type=\"hidden\" name=\"instance_hash\" value=\"002f1d9d\"\/>\n\t<\/div>\n<\/div><\/div><\/div><\/div><\/div>","protected":false},"excerpt":{"rendered":"<p style=\"text-align: justify;\">En aquesta ocasi\u00f3  mostrem el projecte de reforma de cuina en un \u00e0tic amb terrassa. Els propietaris volien una distribuci\u00f3 oberta per aprofitar l&#8217;entrada de llum natural a l&#8217;apartament i es va optar per un moble de color blanc.<\/p>\n","protected":false},"author":3,"featured_media":5875,"comment_status":"closed","ping_status":"closed","sticky":false,"template":"","format":"standard","meta":{"generate_page_header":"","footnotes":""},"categories":[57],"tags":[63],"class_list":["post-6850","post","type-post","status-publish","format-standard","has-post-thumbnail","hentry","category-reformes-a-barcelona","tag-projectes-reformes-cuines","generate-columns","tablet-grid-50","mobile-grid-100","grid-parent","grid-33"],"aioseo_notices":[],"_links":{"self":[{"href":"https:\/\/araminteriors.com\/ca\/wp-json\/wp\/v2\/posts\/6850","targetHints":{"allow":["GET"]}}],"collection":[{"href":"https:\/\/araminteriors.com\/ca\/wp-json\/wp\/v2\/posts"}],"about":[{"href":"https:\/\/araminteriors.com\/ca\/wp-json\/wp\/v2\/types\/post"}],"author":[{"embeddable":true,"href":"https:\/\/araminteriors.com\/ca\/wp-json\/wp\/v2\/users\/3"}],"replies":[{"embeddable":true,"href":"https:\/\/araminteriors.com\/ca\/wp-json\/wp\/v2\/comments?post=6850"}],"version-history":[{"count":2,"href":"https:\/\/araminteriors.com\/ca\/wp-json\/wp\/v2\/posts\/6850\/revisions"}],"predecessor-version":[{"id":15129,"href":"https:\/\/araminteriors.com\/ca\/wp-json\/wp\/v2\/posts\/6850\/revisions\/15129"}],"wp:featuredmedia":[{"embeddable":true,"href":"https:\/\/araminteriors.com\/ca\/wp-json\/wp\/v2\/media\/5875"}],"wp:attachment":[{"href":"https:\/\/araminteriors.com\/ca\/wp-json\/wp\/v2\/media?parent=6850"}],"wp:term":[{"taxonomy":"category","embeddable":true,"href":"https:\/\/araminteriors.com\/ca\/wp-json\/wp\/v2\/categories?post=6850"},{"taxonomy":"post_tag","embeddable":true,"href":"https:\/\/araminteriors.com\/ca\/wp-json\/wp\/v2\/tags?post=6850"}],"curies":[{"name":"wp","href":"https:\/\/api.w.org\/{rel}","templated":true}]}}