{"id":6869,"date":"2018-03-31T22:56:43","date_gmt":"2018-03-31T21:56:43","guid":{"rendered":"http:\/\/araminteriors.com\/?p=6869"},"modified":"2021-02-06T16:15:19","modified_gmt":"2021-02-06T15:15:19","slug":"reforma-local-comercial-a-gala-placidia-barcelona","status":"publish","type":"post","link":"https:\/\/araminteriors.com\/ca\/reforma-local-comercial-a-gala-placidia-barcelona\/","title":{"rendered":"Reforma local comercial a Pl. Gala Placidia, Barcelona"},"content":{"rendered":"<div id=\"pl-6869\"  class=\"panel-layout\" ><div id=\"pg-6869-0\"  class=\"panel-grid panel-no-style\" ><div id=\"pgc-6869-0-0\"  class=\"panel-grid-cell\" ><div id=\"panel-6869-0-0-0\" class=\"so-panel widget widget_sow-editor panel-first-child\" data-index=\"0\" ><div\n\t\t\t\n\t\t\tclass=\"so-widget-sow-editor so-widget-sow-editor-base\"\n\t\t\t\n\t\t>\n<div class=\"siteorigin-widget-tinymce textwidget\">\n\t<p style=\"text-align: justify;\">Per a la <strong>reforma integral<\/strong> d'aquest <strong>local comercial<\/strong> situat <strong>a Barcelona<\/strong>, convertit en oficina a peu de carrer, el nostre client ens va demanar una distribuci\u00f3 d'espais amplis que permetessin un moviment c\u00f2mode a les persones aix\u00ed com lleugeresa visual referida a l'entorn de treball.<\/p>\n<h2>Distribuci\u00f3 del local:<\/h2>\n<p style=\"text-align: justify;\">Se'ns requeria dissenyar una \u00e0rea de treball compartida per al personal, aix\u00ed com una zona per a reunions amb clients, tot aix\u00f2 sense perdre la sensaci\u00f3 d'espai buscada. Es va decidir tancar aquest espai amb una caixa de vidre aconseguint aix\u00ed no tancar visualment l'espai i permetre que entr\u00e9s la llum natural a tot el local amb els avantatges que aix\u00f2 suposa.<\/p>\n<p>&nbsp;<\/p>\n<figure id=\"attachment_2677\" aria-describedby=\"caption-attachment-2677\" style=\"width: 912px\" class=\"wp-caption aligncenter\"><img decoding=\"async\" class=\"wp-image-2677 size-full\" title=\"Reforma local comercial-oficina\" src=\"https:\/\/araminteriors.com\/wp-content\/uploads\/2014\/06\/Oficina.jpg\" alt=\"Reforma local comercial-oficina\" width=\"922\" height=\"692\" srcset=\"https:\/\/araminteriors.com\/wp-content\/uploads\/2014\/06\/Oficina.jpg 922w, https:\/\/araminteriors.com\/wp-content\/uploads\/2014\/06\/Oficina-500x375.jpg 500w\" sizes=\"(max-width: 922px) 100vw, 922px\" \/><figcaption id=\"caption-attachment-2677\" class=\"wp-caption-text\">Reforma local comercial-oficina<\/figcaption><\/figure>\n<p>&nbsp;<\/p>\n<p style=\"text-align: justify;\">El nostre client va voler posar a la sala principal del local i a la vista dels visitants una cuina en un color cridaner que fes tant la funci\u00f3 de coffee-break per part del personal de l'empresa com per convidar als clients, mantenint en tot moment el contacte visual i la proximitat entre les persones.<\/p>\n<p style=\"text-align: justify;\">L'\u00fanica sala\u00a0 en un pl\u00e0nol apart i separada, \u00e9s la del despatx de direcci\u00f3 situat en un pis superior connectat per una escala de cargol.<\/p>\n<p>&nbsp;<\/p>\n<h2 style=\"text-align: justify;\">Colors escollits:<\/h2>\n<p><a href=\"https:\/\/araminteriors.com\/wp-content\/uploads\/2014\/06\/DSC04613-e1403255037944.jpg\"><img decoding=\"async\" class=\"alignright wp-image-2678 size-medium\" title=\"Reforma local a Barcelona - Sala de reunions\" src=\"https:\/\/araminteriors.com\/wp-content\/uploads\/2014\/06\/DSC04613-533x400.jpg\" alt=\"Reforma local a Barcelona - Sala de reunions\" width=\"500\" height=\"375\" \/><\/a><\/p>\n<p style=\"text-align: justify;\">La sala principal va ser pintada en un color gris mitj\u00e0, escollit per la seva eleg\u00e0ncia i atemporalitat. Per al paviment es va escollir una cer\u00e0mica d'un to marr\u00f3 en acabat pedra, per la seva calidesa, funcionalitat i f\u00e0cil neteja.<\/p>\n<p>Per a m\u00e9s informaci\u00f3 sobre els nostres treballs visiti <a title=\"reformes integrals a Barcelona\" href=\"https:\/\/araminteriors.com\/ca\/reformes-integrals-barcelona\/\">reformes integrals a Barcelona<\/a>.<\/p>\n<\/div>\n<\/div><\/div><div id=\"panel-6869-0-0-1\" class=\"so-panel widget widget_sow-editor\" data-index=\"1\" ><div\n\t\t\t\n\t\t\tclass=\"so-widget-sow-editor so-widget-sow-editor-base\"\n\t\t\t\n\t\t>\n<div class=\"siteorigin-widget-tinymce textwidget\">\n\t<hr \/>\n<p>Esperem us hagi agradat l'article, si tens un local per reformar i desitges que et fem un pressupost, pots sol\u00b7licitar una visita al nostre estudi d'interiorisme i rehabilitaci\u00f3 d'interiors.<\/p>\n<p style=\"text-align: center;\"><a href=\"https:\/\/araminteriors.com\/ca\/contacte\/\"><span style=\"color: #fc5800;\"><br \/>\nSol\u00b7licitar visita a l'estudi -<\/span><\/a><\/p>\n<\/div>\n<\/div><\/div><div id=\"panel-6869-0-0-2\" class=\"so-panel widget widget_sow-editor\" data-index=\"2\" ><div\n\t\t\t\n\t\t\tclass=\"so-widget-sow-editor so-widget-sow-editor-base\"\n\t\t\t\n\t\t>\n<div class=\"siteorigin-widget-tinymce textwidget\">\n\t<p>[ssbp]<\/p>\n<\/div>\n<\/div><\/div><div id=\"panel-6869-0-0-3\" class=\"so-panel widget widget_sow-post-carousel panel-last-child\" data-index=\"3\" ><div\n\t\t\t\n\t\t\tclass=\"so-widget-sow-post-carousel so-widget-sow-post-carousel-base-ad93eedad001-6869\"\n\t\t\t\n\t\t>\t<div\n\t\tclass=\"sow-post-carousel-wrapper sow-post-carousel-theme-base\"\n\t\tstyle=\"overflow: hidden; max-width: 100%; min-height: 182px\"\n\t>\n\t\t<div class=\"sow-carousel-title has-title\">\n\t<h3 class=\"widget-title\">Altres articles:<\/h3>\t\t<div class=\"sow-carousel-navigation \">\n\t\t\t\t\t\t<a href=\"#\" class=\"sow-carousel-next\" title=\"Next\" aria-label=\"Next Posts\" role=\"button\"><\/a>\n\t\t\t\t\t\t<a href=\"#\" class=\"sow-carousel-previous\" title=\"Previous\" aria-label=\"Previous Posts\" role=\"button\"><\/a>\n\t\t\t\t\t<\/div>\n\t<\/div>\n\n<div class=\"sow-carousel-container \">\n\t\t<div class=\"sow-carousel-wrapper\"\n\t\tdata-dir=\"ltr\"\n\t\tstyle=\"opacity: 0;\"\n\t\tdata-widget=\"post\" data-fetching=\"false\" data-page=\"1\" data-ajax-url=\"https:\/\/araminteriors.com\/wp-admin\/admin-ajax.php?_widgets_nonce=b8777710df\" data-item_count=\"10\" data-carousel_settings=\"{&quot;loop&quot;:true,&quot;animation&quot;:&quot;Ease&quot;,&quot;animation_speed&quot;:400,&quot;autoplay&quot;:&quot;&quot;,&quot;pauseOnHover&quot;:&quot;&quot;,&quot;autoplaySpeed&quot;:8000,&quot;item_overflow&quot;:true,&quot;autoplay_continuous_scroll&quot;:false}\" data-responsive=\"{&quot;desktop_slides_to_scroll&quot;:1,&quot;tablet_landscape_breakpoint&quot;:1366,&quot;tablet_landscape_slides_to_scroll&quot;:2,&quot;tablet_portrait_breakpoint&quot;:1025,&quot;tablet_portrait_slides_to_scroll&quot;:2,&quot;mobile_breakpoint&quot;:480,&quot;mobile_slides_to_scroll&quot;:1}\" data-variable_width=\"true\" \t>\n\t\t<div\n\t\t\tclass=\"sow-carousel-items\"\n\t\t\t\t\t>\n\t\t\t\t<div class=\"sow-carousel-item\" tabindex=\"-1\" style=\"float: left;\">\n\t\t<div class=\"sow-carousel-thumbnail\">\n\t\t\t\t\t\t\t<a\n\t\t\t\t\thref=\"https:\/\/araminteriors.com\/ca\/nova-exposicio\/\"\n\t\t\t\t\t\t\t\t\t\tstyle=\"background-image: url( https:\/\/araminteriors.com\/wp-content\/uploads\/2016\/09\/Interiorismo-Showroom-Aram-Interiors-2-272x182.jpg )\"\n\t\t\t\t\taria-labelledby=\"sow-carousel-id-6910\"\n\t\t\t\t\ttabindex=\"-1\"\n\t\t\t\t>\n\t\t\t\t\t<span class=\"overlay\"><\/span>\n\t\t\t\t<\/a>\n\t\t\t\t\t<\/div>\n\t\t<h3 class=\"sow-carousel-item-title\">\n\t\t\t<a\n\t\t\t\thref=\"https:\/\/araminteriors.com\/ca\/nova-exposicio\/\"\n\t\t\t\tid=\"sow-carousel-id-6910\"\n\t\t\t\t\t\t\t\ttabindex=\"-1\"\n\t\t\t>\n\n\t\t\t\tInteriorisme local comercial Aram interiors\t\t\t<\/a>\n\t\t<\/h3>\n\t<\/div>\n\t\t<div class=\"sow-carousel-item\" tabindex=\"-1\" style=\"float: left;\">\n\t\t<div class=\"sow-carousel-thumbnail\">\n\t\t\t\t\t\t\t<a\n\t\t\t\t\thref=\"https:\/\/araminteriors.com\/ca\/reforma-integral-pis-poble-sec-barcelona\/\"\n\t\t\t\t\t\t\t\t\t\tstyle=\"background-image: url( https:\/\/araminteriors.com\/wp-content\/uploads\/2017\/02\/Reforma-integral-piso-Poble-Sec-Barcelona--e1488392414789-272x182.jpg )\"\n\t\t\t\t\taria-labelledby=\"sow-carousel-id-6920\"\n\t\t\t\t\ttabindex=\"-1\"\n\t\t\t\t>\n\t\t\t\t\t<span class=\"overlay\"><\/span>\n\t\t\t\t<\/a>\n\t\t\t\t\t<\/div>\n\t\t<h3 class=\"sow-carousel-item-title\">\n\t\t\t<a\n\t\t\t\thref=\"https:\/\/araminteriors.com\/ca\/reforma-integral-pis-poble-sec-barcelona\/\"\n\t\t\t\tid=\"sow-carousel-id-6920\"\n\t\t\t\t\t\t\t\ttabindex=\"-1\"\n\t\t\t>\n\n\t\t\t\tReforma integral pis al Poble Sec, Barcelona\t\t\t<\/a>\n\t\t<\/h3>\n\t<\/div>\n\t\t<div class=\"sow-carousel-item\" tabindex=\"-1\" style=\"float: left;\">\n\t\t<div class=\"sow-carousel-thumbnail\">\n\t\t\t\t\t\t\t<a\n\t\t\t\t\thref=\"https:\/\/araminteriors.com\/ca\/reforma-cuina-oberta-eixample-barcelona\/\"\n\t\t\t\t\t\t\t\t\t\tstyle=\"background-image: url( https:\/\/araminteriors.com\/wp-content\/uploads\/2018\/01\/Vista-general-cocina-abierta-Eixample-272x182.jpg )\"\n\t\t\t\t\taria-labelledby=\"sow-carousel-id-6708\"\n\t\t\t\t\ttabindex=\"-1\"\n\t\t\t\t>\n\t\t\t\t\t<span class=\"overlay\"><\/span>\n\t\t\t\t<\/a>\n\t\t\t\t\t<\/div>\n\t\t<h3 class=\"sow-carousel-item-title\">\n\t\t\t<a\n\t\t\t\thref=\"https:\/\/araminteriors.com\/ca\/reforma-cuina-oberta-eixample-barcelona\/\"\n\t\t\t\tid=\"sow-carousel-id-6708\"\n\t\t\t\t\t\t\t\ttabindex=\"-1\"\n\t\t\t>\n\n\t\t\t\tReforma cuina oberta a l&#8217; Eixample, Barcelona\t\t\t<\/a>\n\t\t<\/h3>\n\t<\/div>\n\t\t<div class=\"sow-carousel-item\" tabindex=\"-1\" style=\"float: left;\">\n\t\t<div class=\"sow-carousel-thumbnail\">\n\t\t\t\t\t\t\t<a\n\t\t\t\t\thref=\"https:\/\/araminteriors.com\/ca\/reforma-cuina-gracia-barcelona\/\"\n\t\t\t\t\t\t\t\t\t\tstyle=\"background-image: url( https:\/\/araminteriors.com\/wp-content\/uploads\/2017\/05\/Vista-principal-cocina-en-Gracia-272x182.jpg )\"\n\t\t\t\t\taria-labelledby=\"sow-carousel-id-6832\"\n\t\t\t\t\ttabindex=\"-1\"\n\t\t\t\t>\n\t\t\t\t\t<span class=\"overlay\"><\/span>\n\t\t\t\t<\/a>\n\t\t\t\t\t<\/div>\n\t\t<h3 class=\"sow-carousel-item-title\">\n\t\t\t<a\n\t\t\t\thref=\"https:\/\/araminteriors.com\/ca\/reforma-cuina-gracia-barcelona\/\"\n\t\t\t\tid=\"sow-carousel-id-6832\"\n\t\t\t\t\t\t\t\ttabindex=\"-1\"\n\t\t\t>\n\n\t\t\t\tReforma de cuina a Gracia, Barcelona\t\t\t<\/a>\n\t\t<\/h3>\n\t<\/div>\n\t\t\t<\/div>\n\t\t\t<\/div>\n\n\t<\/div>\n\t\t<input type=\"hidden\" name=\"instance_hash\" value=\"31ad239b\"\/>\n\t<\/div>\n<\/div><\/div><\/div><\/div><\/div>","protected":false},"excerpt":{"rendered":"<p style=\"text-align: justify;\">S&#8217;ha realitzat la reforma integral d&#8217;aquest local comercial situat a Barcelona,  per convertir-ho en  unes oficines, on el client va demanar una pr\u00e0ctica distribuci\u00f3 de les zones per disposar d&#8217;un millor moviment als treballadors i usuaris.<\/p>\n","protected":false},"author":3,"featured_media":6286,"comment_status":"closed","ping_status":"closed","sticky":false,"template":"","format":"standard","meta":{"generate_page_header":"","footnotes":""},"categories":[57],"tags":[60,61],"class_list":["post-6869","post","type-post","status-publish","format-standard","has-post-thumbnail","hentry","category-reformes-a-barcelona","tag-projectes-interiorisme","tag-projectes-locals-comercials","generate-columns","tablet-grid-50","mobile-grid-100","grid-parent","grid-33"],"aioseo_notices":[],"_links":{"self":[{"href":"https:\/\/araminteriors.com\/ca\/wp-json\/wp\/v2\/posts\/6869","targetHints":{"allow":["GET"]}}],"collection":[{"href":"https:\/\/araminteriors.com\/ca\/wp-json\/wp\/v2\/posts"}],"about":[{"href":"https:\/\/araminteriors.com\/ca\/wp-json\/wp\/v2\/types\/post"}],"author":[{"embeddable":true,"href":"https:\/\/araminteriors.com\/ca\/wp-json\/wp\/v2\/users\/3"}],"replies":[{"embeddable":true,"href":"https:\/\/araminteriors.com\/ca\/wp-json\/wp\/v2\/comments?post=6869"}],"version-history":[{"count":3,"href":"https:\/\/araminteriors.com\/ca\/wp-json\/wp\/v2\/posts\/6869\/revisions"}],"predecessor-version":[{"id":15127,"href":"https:\/\/araminteriors.com\/ca\/wp-json\/wp\/v2\/posts\/6869\/revisions\/15127"}],"wp:featuredmedia":[{"embeddable":true,"href":"https:\/\/araminteriors.com\/ca\/wp-json\/wp\/v2\/media\/6286"}],"wp:attachment":[{"href":"https:\/\/araminteriors.com\/ca\/wp-json\/wp\/v2\/media?parent=6869"}],"wp:term":[{"taxonomy":"category","embeddable":true,"href":"https:\/\/araminteriors.com\/ca\/wp-json\/wp\/v2\/categories?post=6869"},{"taxonomy":"post_tag","embeddable":true,"href":"https:\/\/araminteriors.com\/ca\/wp-json\/wp\/v2\/tags?post=6869"}],"curies":[{"name":"wp","href":"https:\/\/api.w.org\/{rel}","templated":true}]}}