{"id":6877,"date":"2018-04-01T08:51:53","date_gmt":"2018-04-01T07:51:53","guid":{"rendered":"http:\/\/araminteriors.com\/?p=6877"},"modified":"2021-02-06T16:10:43","modified_gmt":"2021-02-06T15:10:43","slug":"reforma-cuina-a-sarria-barcelona","status":"publish","type":"post","link":"https:\/\/araminteriors.com\/ca\/reforma-cuina-a-sarria-barcelona\/","title":{"rendered":"Reforma cuina a Sarri\u00e0, Barcelona"},"content":{"rendered":"<div id=\"pl-6877\"  class=\"panel-layout\" ><div id=\"pg-6877-0\"  class=\"panel-grid panel-no-style\" ><div id=\"pgc-6877-0-0\"  class=\"panel-grid-cell\" ><div id=\"panel-6877-0-0-0\" class=\"so-panel widget widget_sow-editor panel-first-child\" data-index=\"0\" ><div\n\t\t\t\n\t\t\tclass=\"so-widget-sow-editor so-widget-sow-editor-base\"\n\t\t\t\n\t\t>\n<div class=\"siteorigin-widget-tinymce textwidget\">\n\t<p style=\"text-align: justify;\">En aquest apartament situat en el casc antic del barri de Sarri\u00e0, a Barcelona, hem realitzat la <strong>reforma d'una cuina<\/strong> de planta gaireb\u00e9 quadrada, per\u00f2 amb una galeria al fons, que nom\u00e9s ens permetia distribuir el mobiliari en cadascun dels costats. Per aix\u00f2, s'ha col\u00b7locat la zona de cocci\u00f3 en una banda i s'ha aprofitat la zona d'aig\u00fces per trencar el paral\u00b7lelisme i crear una petita pen\u00ednsula que ens permet disposar d'una zona de treball i al mateix temps una barra per menjar; espai integrat, per\u00f2 independent visualment de la zona de cuina.<\/p>\n<\/div>\n<\/div><\/div><div id=\"panel-6877-0-0-1\" class=\"so-panel widget widget_sow-editor panel-last-child\" data-index=\"1\" ><div\n\t\t\t\n\t\t\tclass=\"so-widget-sow-editor so-widget-sow-editor-base\"\n\t\t\t\n\t\t>\n<div class=\"siteorigin-widget-tinymce textwidget\">\n\t<figure id=\"attachment_3273\" aria-describedby=\"caption-attachment-3273\" style=\"width: 940px\" class=\"wp-caption aligncenter\"><a href=\"https:\/\/araminteriors.com\/wp-content\/uploads\/2015\/01\/Vista-general-cocina.jpg\"><img decoding=\"async\" class=\"wp-image-3273 size-full\" title=\"Vista general reforma  cuina Sarri\u00e0, Barcelona\" src=\"https:\/\/araminteriors.com\/wp-content\/uploads\/2015\/01\/Vista-general-cocina.jpg\" alt=\"Vista general reforma  cuina Sarri\u00e0, Barcelona\" width=\"950\" height=\"534\" srcset=\"https:\/\/araminteriors.com\/wp-content\/uploads\/2015\/01\/Vista-general-cocina.jpg 950w, https:\/\/araminteriors.com\/wp-content\/uploads\/2015\/01\/Vista-general-cocina-500x281.jpg 500w\" sizes=\"(max-width: 950px) 100vw, 950px\" \/><\/a><figcaption id=\"caption-attachment-3273\" class=\"wp-caption-text\">Vista general reforma cuina Sarri\u00e0<\/figcaption><\/figure>\n<\/div>\n<\/div><\/div><\/div><\/div><div id=\"pg-6877-1\"  class=\"panel-grid panel-no-style\" ><div id=\"pgc-6877-1-0\"  class=\"panel-grid-cell\" ><div id=\"panel-6877-1-0-0\" class=\"so-panel widget widget_sow-editor panel-first-child panel-last-child\" data-index=\"2\" ><div\n\t\t\t\n\t\t\tclass=\"so-widget-sow-editor so-widget-sow-editor-base\"\n\t\t\t\n\t\t>\n<div class=\"siteorigin-widget-tinymce textwidget\">\n\t<p style=\"text-align: justify;\">El material utilitzat per al moble \u00e9s un <strong>laminat de color blanc amb tirador de tipus ungler d'alumini<\/strong>: s'ha escollit d'aquest tipus, precisament per evitar tiradors que sobresurtin de la l\u00ednia dels mobles.<\/p>\n<p style=\"text-align: justify;\"><strong>El damunter escollit \u00e9s de Silestone<\/strong> en color blanc, el qual ens ofereix gran sensaci\u00f3 d'amplitud juntament amb el moble. Com a contrast, el paviment acabat fusta fosca que trenca el blanc i ens proporciona calidesa. Detalls com la il\u00b7luminaci\u00f3 sota s\u00f2col, a la zona de cocci\u00f3, donen la sensaci\u00f3 de separar encara m\u00e9s, el mobiliari del paviment.<\/p>\n<\/div>\n<\/div><\/div><\/div><\/div><div id=\"pg-6877-2\"  class=\"panel-grid panel-no-style\" ><div id=\"pgc-6877-2-0\"  class=\"panel-grid-cell\" ><div id=\"panel-6877-2-0-0\" class=\"so-panel widget widget_sow-editor panel-first-child\" data-index=\"3\" ><div\n\t\t\t\n\t\t\tclass=\"so-widget-sow-editor so-widget-sow-editor-base\"\n\t\t\t\n\t\t>\n<div class=\"siteorigin-widget-tinymce textwidget\">\n\t<h2>Zona de cocci\u00f3:<\/h2>\n<p style=\"text-align: justify;\">La zona de cocci\u00f3 s'ha equipat amb mobles de calaixos i gaveters ja que aquests, s\u00f3n realment pr\u00e0ctics per l'emmagatzematge de bateries de cuina i paelles; deixant, a la seva dreta, una \u00e0mplia superf\u00edcie de treball. A continuaci\u00f3 el frigor\u00edfic i la columna de forn i microones, situats en alt, per a m\u00e9s comoditat i finalment un moble columna per amagar la caldera i aprofitar com a rebost l'espai restant.<\/p>\n<\/div>\n<\/div><\/div><div id=\"panel-6877-2-0-1\" class=\"so-panel widget widget_sow-editor panel-last-child\" data-index=\"4\" ><div\n\t\t\t\n\t\t\tclass=\"so-widget-sow-editor so-widget-sow-editor-base\"\n\t\t\t\n\t\t>\n<div class=\"siteorigin-widget-tinymce textwidget\">\n\t<figure id=\"attachment_3272\" aria-describedby=\"caption-attachment-3272\" style=\"width: 940px\" class=\"wp-caption aligncenter\"><a href=\"https:\/\/araminteriors.com\/wp-content\/uploads\/2015\/01\/Vista-zona-coccion.jpg\"><img decoding=\"async\" class=\"wp-image-3272\" title=\" Zona cocci\u00f3 cuina Sarri\u00e0, Barcelona\" src=\"https:\/\/araminteriors.com\/wp-content\/uploads\/2015\/01\/Vista-zona-coccion.jpg\" alt=\" Zona cocci\u00f3 cuina Sarri\u00e0, Barcelona\" width=\"950\" height=\"574\" srcset=\"https:\/\/araminteriors.com\/wp-content\/uploads\/2015\/01\/Vista-zona-coccion.jpg 950w, https:\/\/araminteriors.com\/wp-content\/uploads\/2015\/01\/Vista-zona-coccion-500x302.jpg 500w\" sizes=\"(max-width: 950px) 100vw, 950px\" \/><\/a><figcaption id=\"caption-attachment-3272\" class=\"wp-caption-text\">Zona cocci\u00f3 i columnes<\/figcaption><\/figure>\n<\/div>\n<\/div><\/div><\/div><\/div><div id=\"pg-6877-3\"  class=\"panel-grid panel-no-style\" ><div id=\"pgc-6877-3-0\"  class=\"panel-grid-cell\" ><div id=\"panel-6877-3-0-0\" class=\"so-panel widget widget_sow-editor panel-first-child\" data-index=\"5\" ><div\n\t\t\t\n\t\t\tclass=\"so-widget-sow-editor so-widget-sow-editor-base\"\n\t\t\t\n\t\t>\n<div class=\"siteorigin-widget-tinymce textwidget\">\n\t<h2>Zona aig\u00fcera:<\/h2>\n<p style=\"text-align: justify;\">A la zona contr\u00e0ria, trobem l'aig\u00fcera col.locada sota damunter, perfecta per evitar juntes i facilitar la neteja. En aquest cas, tamb\u00e9 la posem en un costat, per oferir a la seva esquerra una \u00e0mplia zona de treball.<\/p>\n<p style=\"text-align: justify;\"> A continuaci\u00f3 es sit\u00faa una pen\u00ednsula, en la qual el damunter vola per crear una petita barra per a esmor\u00e7ars, il\u00b7luminada per dos llums que la propiet\u00e0ria va trobar i va adquirir en una botiga a Barcelona.<\/p>\n<\/div>\n<\/div><\/div><div id=\"panel-6877-3-0-1\" class=\"so-panel widget widget_sow-editor panel-last-child\" data-index=\"6\" ><div\n\t\t\t\n\t\t\tclass=\"so-widget-sow-editor so-widget-sow-editor-base\"\n\t\t\t\n\t\t>\n<div class=\"siteorigin-widget-tinymce textwidget\">\n\t<figure id=\"attachment_3275\" aria-describedby=\"caption-attachment-3275\" style=\"width: 936px\" class=\"wp-caption aligncenter\"><a href=\"https:\/\/araminteriors.com\/wp-content\/uploads\/2015\/01\/Zona-fregadera.jpg\"><img decoding=\"async\" class=\"wp-image-3275\" title=\"Zona aig\u00fcera cuina Sarri\u00e0, Barcelona\" src=\"https:\/\/araminteriors.com\/wp-content\/uploads\/2015\/01\/Zona-fregadera.jpg\" alt=\"Zona aig\u00fcera cuina Sarri\u00e0, Barcelona\" width=\"946\" height=\"533\" srcset=\"https:\/\/araminteriors.com\/wp-content\/uploads\/2015\/01\/Zona-fregadera.jpg 946w, https:\/\/araminteriors.com\/wp-content\/uploads\/2015\/01\/Zona-fregadera-500x282.jpg 500w\" sizes=\"(max-width: 946px) 100vw, 946px\" \/><\/a><figcaption id=\"caption-attachment-3275\" class=\"wp-caption-text\">Zona aig\u00fcera i peninsula<\/figcaption><\/figure>\n<\/div>\n<\/div><\/div><\/div><\/div><div id=\"pg-6877-4\"  class=\"panel-grid panel-no-style\" ><div id=\"pgc-6877-4-0\"  class=\"panel-grid-cell\" ><div id=\"panel-6877-4-0-0\" class=\"so-panel widget widget_sow-editor panel-first-child\" data-index=\"7\" ><div\n\t\t\t\n\t\t\tclass=\"so-widget-sow-editor so-widget-sow-editor-base\"\n\t\t\t\n\t\t>\n<div class=\"siteorigin-widget-tinymce textwidget\">\n\t<p style=\"text-align: justify;\">La col\u00b7laboraci\u00f3 amb la nostra clienta, ha estat molt satisfact\u00f2ria i li desitgem que gaudeixi de la seva nova cuina durant molts anys.<\/p>\n<figure id=\"attachment_3282\" aria-describedby=\"caption-attachment-3282\" style=\"width: 827px\" class=\"wp-caption aligncenter\"><a href=\"https:\/\/araminteriors.com\/wp-content\/uploads\/2015\/01\/Barra-para-desayunos.jpg\"><img decoding=\"async\" class=\"wp-image-3282 size-full\" title=\"Barra per esmorzars cuina Sarri\u00e0\" src=\"https:\/\/araminteriors.com\/wp-content\/uploads\/2015\/01\/Barra-para-desayunos.jpg\" alt=\"Barra per esmorzars cuina Sarri\u00e0\" width=\"837\" height=\"909\" srcset=\"https:\/\/araminteriors.com\/wp-content\/uploads\/2015\/01\/Barra-para-desayunos.jpg 837w, https:\/\/araminteriors.com\/wp-content\/uploads\/2015\/01\/Barra-para-desayunos-368x400.jpg 368w\" sizes=\"(max-width: 837px) 100vw, 837px\" \/><\/a><figcaption id=\"caption-attachment-3282\" class=\"wp-caption-text\">Barra per esmorzars<\/figcaption><\/figure>\n<hr \/>\n<p>Esperem us hagi agradat l'article, si ho desitges sol\u00b7licita una visita al nostre estudi d'interiorisme i rehabilitaci\u00f3 d'interiors.<\/p>\n<p style=\"text-align: center;\"><a href=\"https:\/\/araminteriors.com\/ca\/contacte\/\"><span style=\"color: #fc5800;\"><br \/>\nSol\u00b7licitar visita a l'estudi -<\/span><\/a><\/p>\n<\/div>\n<\/div><\/div><div id=\"panel-6877-4-0-1\" class=\"so-panel widget widget_sow-editor\" data-index=\"8\" ><div\n\t\t\t\n\t\t\tclass=\"so-widget-sow-editor so-widget-sow-editor-base\"\n\t\t\t\n\t\t>\n<div class=\"siteorigin-widget-tinymce textwidget\">\n\t<p>[ssbp]<\/p>\n<\/div>\n<\/div><\/div><div id=\"panel-6877-4-0-2\" class=\"so-panel widget widget_sow-post-carousel panel-last-child\" data-index=\"9\" ><div\n\t\t\t\n\t\t\tclass=\"so-widget-sow-post-carousel so-widget-sow-post-carousel-base-ad93eedad001-6877\"\n\t\t\t\n\t\t>\t<div\n\t\tclass=\"sow-post-carousel-wrapper sow-post-carousel-theme-base\"\n\t\tstyle=\"overflow: hidden; max-width: 100%; min-height: 182px\"\n\t>\n\t\t<div class=\"sow-carousel-title has-title\">\n\t<h3 class=\"widget-title\">Altres articles:<\/h3>\t\t<div class=\"sow-carousel-navigation \">\n\t\t\t\t\t\t<a href=\"#\" class=\"sow-carousel-next\" title=\"Next\" aria-label=\"Next Posts\" role=\"button\"><\/a>\n\t\t\t\t\t\t<a href=\"#\" class=\"sow-carousel-previous\" title=\"Previous\" aria-label=\"Previous Posts\" role=\"button\"><\/a>\n\t\t\t\t\t<\/div>\n\t<\/div>\n\n<div class=\"sow-carousel-container \">\n\t\t<div class=\"sow-carousel-wrapper\"\n\t\tdata-dir=\"ltr\"\n\t\tstyle=\"opacity: 0;\"\n\t\tdata-widget=\"post\" data-fetching=\"false\" data-page=\"1\" data-ajax-url=\"https:\/\/araminteriors.com\/wp-admin\/admin-ajax.php?_widgets_nonce=f96abf8855\" data-item_count=\"10\" data-carousel_settings=\"{&quot;loop&quot;:true,&quot;animation&quot;:&quot;Ease&quot;,&quot;animation_speed&quot;:400,&quot;autoplay&quot;:&quot;&quot;,&quot;pauseOnHover&quot;:&quot;&quot;,&quot;autoplaySpeed&quot;:8000,&quot;item_overflow&quot;:true,&quot;autoplay_continuous_scroll&quot;:false}\" data-responsive=\"{&quot;desktop_slides_to_scroll&quot;:1,&quot;tablet_landscape_breakpoint&quot;:1366,&quot;tablet_landscape_slides_to_scroll&quot;:2,&quot;tablet_portrait_breakpoint&quot;:1025,&quot;tablet_portrait_slides_to_scroll&quot;:2,&quot;mobile_breakpoint&quot;:480,&quot;mobile_slides_to_scroll&quot;:1}\" data-variable_width=\"true\" \t>\n\t\t<div\n\t\t\tclass=\"sow-carousel-items\"\n\t\t\t\t\t>\n\t\t\t\t<div class=\"sow-carousel-item\" tabindex=\"-1\" style=\"float: left;\">\n\t\t<div class=\"sow-carousel-thumbnail\">\n\t\t\t\t\t\t\t<a\n\t\t\t\t\thref=\"https:\/\/araminteriors.com\/ca\/reforma-vivienda-a-edifici-obra-vista-sarria-barcelona\/\"\n\t\t\t\t\t\t\t\t\t\tstyle=\"background-image: url( https:\/\/araminteriors.com\/wp-content\/uploads\/2020\/04\/00-PORTADA-272x182.jpg )\"\n\t\t\t\t\taria-labelledby=\"sow-carousel-id-14965\"\n\t\t\t\t\ttabindex=\"-1\"\n\t\t\t\t>\n\t\t\t\t\t<span class=\"overlay\"><\/span>\n\t\t\t\t<\/a>\n\t\t\t\t\t<\/div>\n\t\t<h3 class=\"sow-carousel-item-title\">\n\t\t\t<a\n\t\t\t\thref=\"https:\/\/araminteriors.com\/ca\/reforma-vivienda-a-edifici-obra-vista-sarria-barcelona\/\"\n\t\t\t\tid=\"sow-carousel-id-14965\"\n\t\t\t\t\t\t\t\ttabindex=\"-1\"\n\t\t\t>\n\n\t\t\t\tReforma d\u2019una vivienda, a un edifici d\u2019obra vista a Sarri\u00e0, Barcelona\t\t\t<\/a>\n\t\t<\/h3>\n\t<\/div>\n\t\t<div class=\"sow-carousel-item\" tabindex=\"-1\" style=\"float: left;\">\n\t\t<div class=\"sow-carousel-thumbnail\">\n\t\t\t\t\t\t\t<a\n\t\t\t\t\thref=\"https:\/\/araminteriors.com\/ca\/reforma-cuina-gracia-barcelona\/\"\n\t\t\t\t\t\t\t\t\t\tstyle=\"background-image: url( https:\/\/araminteriors.com\/wp-content\/uploads\/2017\/05\/Vista-principal-cocina-en-Gracia-272x182.jpg )\"\n\t\t\t\t\taria-labelledby=\"sow-carousel-id-6832\"\n\t\t\t\t\ttabindex=\"-1\"\n\t\t\t\t>\n\t\t\t\t\t<span class=\"overlay\"><\/span>\n\t\t\t\t<\/a>\n\t\t\t\t\t<\/div>\n\t\t<h3 class=\"sow-carousel-item-title\">\n\t\t\t<a\n\t\t\t\thref=\"https:\/\/araminteriors.com\/ca\/reforma-cuina-gracia-barcelona\/\"\n\t\t\t\tid=\"sow-carousel-id-6832\"\n\t\t\t\t\t\t\t\ttabindex=\"-1\"\n\t\t\t>\n\n\t\t\t\tReforma de cuina a Gracia, Barcelona\t\t\t<\/a>\n\t\t<\/h3>\n\t<\/div>\n\t\t<div class=\"sow-carousel-item\" tabindex=\"-1\" style=\"float: left;\">\n\t\t<div class=\"sow-carousel-thumbnail\">\n\t\t\t\t\t\t\t<a\n\t\t\t\t\thref=\"https:\/\/araminteriors.com\/ca\/reforma-cuina-sant-just-desvern\/\"\n\t\t\t\t\t\t\t\t\t\tstyle=\"background-image: url( https:\/\/araminteriors.com\/wp-content\/uploads\/2017\/03\/Reforma-cocina-Sant-Just-Barcelona-272x182.jpg )\"\n\t\t\t\t\taria-labelledby=\"sow-carousel-id-6839\"\n\t\t\t\t\ttabindex=\"-1\"\n\t\t\t\t>\n\t\t\t\t\t<span class=\"overlay\"><\/span>\n\t\t\t\t<\/a>\n\t\t\t\t\t<\/div>\n\t\t<h3 class=\"sow-carousel-item-title\">\n\t\t\t<a\n\t\t\t\thref=\"https:\/\/araminteriors.com\/ca\/reforma-cuina-sant-just-desvern\/\"\n\t\t\t\tid=\"sow-carousel-id-6839\"\n\t\t\t\t\t\t\t\ttabindex=\"-1\"\n\t\t\t>\n\n\t\t\t\tReforma cuina a Sant Just Desvern\t\t\t<\/a>\n\t\t<\/h3>\n\t<\/div>\n\t\t<div class=\"sow-carousel-item\" tabindex=\"-1\" style=\"float: left;\">\n\t\t<div class=\"sow-carousel-thumbnail\">\n\t\t\t\t\t\t\t<a\n\t\t\t\t\thref=\"https:\/\/araminteriors.com\/ca\/reforma-cuina-oberta-eixample-barcelona\/\"\n\t\t\t\t\t\t\t\t\t\tstyle=\"background-image: url( https:\/\/araminteriors.com\/wp-content\/uploads\/2018\/01\/Vista-general-cocina-abierta-Eixample-272x182.jpg )\"\n\t\t\t\t\taria-labelledby=\"sow-carousel-id-6708\"\n\t\t\t\t\ttabindex=\"-1\"\n\t\t\t\t>\n\t\t\t\t\t<span class=\"overlay\"><\/span>\n\t\t\t\t<\/a>\n\t\t\t\t\t<\/div>\n\t\t<h3 class=\"sow-carousel-item-title\">\n\t\t\t<a\n\t\t\t\thref=\"https:\/\/araminteriors.com\/ca\/reforma-cuina-oberta-eixample-barcelona\/\"\n\t\t\t\tid=\"sow-carousel-id-6708\"\n\t\t\t\t\t\t\t\ttabindex=\"-1\"\n\t\t\t>\n\n\t\t\t\tReforma cuina oberta a l&#8217; Eixample, Barcelona\t\t\t<\/a>\n\t\t<\/h3>\n\t<\/div>\n\t\t\t<\/div>\n\t\t\t<\/div>\n\n\t<\/div>\n\t\t<input type=\"hidden\" name=\"instance_hash\" value=\"b682227b\"\/>\n\t<\/div>\n<\/div><\/div><\/div><\/div><\/div>","protected":false},"excerpt":{"rendered":"<p style=\"text-align: justify;\">En aquest apartament situat en el casc antic del barri de Sarri\u00e0, hem realitzat la reforma d&#8217;una cuina en color blanc i tirador ungler d&#8217;alumini, de planta gaireb\u00e9 quadrada, amb una petita pen\u00ednsula.<\/p>\n","protected":false},"author":3,"featured_media":6283,"comment_status":"closed","ping_status":"closed","sticky":false,"template":"","format":"standard","meta":{"generate_page_header":"","footnotes":""},"categories":[57],"tags":[63],"class_list":["post-6877","post","type-post","status-publish","format-standard","has-post-thumbnail","hentry","category-reformes-a-barcelona","tag-projectes-reformes-cuines","generate-columns","tablet-grid-50","mobile-grid-100","grid-parent","grid-33"],"aioseo_notices":[],"_links":{"self":[{"href":"https:\/\/araminteriors.com\/ca\/wp-json\/wp\/v2\/posts\/6877","targetHints":{"allow":["GET"]}}],"collection":[{"href":"https:\/\/araminteriors.com\/ca\/wp-json\/wp\/v2\/posts"}],"about":[{"href":"https:\/\/araminteriors.com\/ca\/wp-json\/wp\/v2\/types\/post"}],"author":[{"embeddable":true,"href":"https:\/\/araminteriors.com\/ca\/wp-json\/wp\/v2\/users\/3"}],"replies":[{"embeddable":true,"href":"https:\/\/araminteriors.com\/ca\/wp-json\/wp\/v2\/comments?post=6877"}],"version-history":[{"count":3,"href":"https:\/\/araminteriors.com\/ca\/wp-json\/wp\/v2\/posts\/6877\/revisions"}],"predecessor-version":[{"id":15119,"href":"https:\/\/araminteriors.com\/ca\/wp-json\/wp\/v2\/posts\/6877\/revisions\/15119"}],"wp:featuredmedia":[{"embeddable":true,"href":"https:\/\/araminteriors.com\/ca\/wp-json\/wp\/v2\/media\/6283"}],"wp:attachment":[{"href":"https:\/\/araminteriors.com\/ca\/wp-json\/wp\/v2\/media?parent=6877"}],"wp:term":[{"taxonomy":"category","embeddable":true,"href":"https:\/\/araminteriors.com\/ca\/wp-json\/wp\/v2\/categories?post=6877"},{"taxonomy":"post_tag","embeddable":true,"href":"https:\/\/araminteriors.com\/ca\/wp-json\/wp\/v2\/tags?post=6877"}],"curies":[{"name":"wp","href":"https:\/\/api.w.org\/{rel}","templated":true}]}}