{"id":6893,"date":"2018-04-01T09:21:48","date_gmt":"2018-04-01T08:21:48","guid":{"rendered":"http:\/\/araminteriors.com\/?p=6893"},"modified":"2021-02-06T16:04:24","modified_gmt":"2021-02-06T15:04:24","slug":"reforma-bany-a-sarria-barcelona","status":"publish","type":"post","link":"https:\/\/araminteriors.com\/ca\/reforma-bany-a-sarria-barcelona\/","title":{"rendered":"Reforma de bany a Sarri\u00e0, Barcelona"},"content":{"rendered":"<div id=\"pl-6893\"  class=\"panel-layout\" ><div id=\"pg-6893-0\"  class=\"panel-grid panel-no-style\" ><div id=\"pgc-6893-0-0\"  class=\"panel-grid-cell\" ><div id=\"panel-6893-0-0-0\" class=\"so-panel widget widget_sow-editor panel-first-child\" data-index=\"0\" ><div\n\t\t\t\n\t\t\tclass=\"so-widget-sow-editor so-widget-sow-editor-base\"\n\t\t\t\n\t\t>\n<div class=\"siteorigin-widget-tinymce textwidget\">\n\t<p style=\"text-align: justify;\">Per a un habitatge situat al barri de Sarri\u00e0 de Barcelona, hem realitzat la<strong> reforma integral del bany<\/strong> principal. Els seus propietaris volien aconseguir la sensaci\u00f3 d'un bany amb tot el necessari per disposar de la m\u00e0xima comoditat i que dongu\u00e9s sensaci\u00f3 d'amplitud a trav\u00e9s dels materials de revestiment escollits.<\/p>\n<p>&nbsp;<\/p>\n<figure id=\"attachment_3965\" aria-describedby=\"caption-attachment-3965\" style=\"width: 890px\" class=\"wp-caption aligncenter\"><a href=\"https:\/\/araminteriors.com\/wp-content\/uploads\/2015\/12\/Vista-lateral-ba\u00f1o-Sarria.jpg\"><img decoding=\"async\" class=\"wp-image-3965 size-full\" title=\"Reforma bany a Sarri\u00e0 \" src=\"https:\/\/araminteriors.com\/wp-content\/uploads\/2015\/12\/Vista-lateral-ba\u00f1o-Sarria.jpg\" alt=\"Reforma bany a Sarri\u00e0 \" width=\"900\" height=\"600\" srcset=\"https:\/\/araminteriors.com\/wp-content\/uploads\/2015\/12\/Vista-lateral-ba\u00f1o-Sarria.jpg 900w, https:\/\/araminteriors.com\/wp-content\/uploads\/2015\/12\/Vista-lateral-ba\u00f1o-Sarria-225x150.jpg 225w, https:\/\/araminteriors.com\/wp-content\/uploads\/2015\/12\/Vista-lateral-ba\u00f1o-Sarria-500x333.jpg 500w, https:\/\/araminteriors.com\/wp-content\/uploads\/2015\/12\/Vista-lateral-ba\u00f1o-Sarria-600x400.jpg 600w, https:\/\/araminteriors.com\/wp-content\/uploads\/2015\/12\/Vista-lateral-ba\u00f1o-Sarria-272x182.jpg 272w\" sizes=\"(max-width: 900px) 100vw, 900px\" \/><\/a><figcaption id=\"caption-attachment-3965\" class=\"wp-caption-text\">Reforma bany a Sarri\u00e0<\/figcaption><\/figure>\n<p style=\"text-align: justify;\">En planta rectangular, situem en la paret frontal un gener\u00f3s moble amb frontals de xapa de roure format per 6 calaixos sense tirador. El damunter \u00e9s de vidre en massa, amb el lavabo integrat en una sola pe\u00e7a i un acabat molt llumin\u00f3s. Tanca el conjunt un gran mirall del mateix ample que el moble. Les aixetes son de <strong>Hansgrohe<\/strong> acabat blanc i crom.<\/p>\n<figure id=\"attachment_3964\" aria-describedby=\"caption-attachment-3964\" style=\"width: 890px\" class=\"wp-caption aligncenter\"><a href=\"https:\/\/araminteriors.com\/wp-content\/uploads\/2015\/12\/Frontal-mueble-ba\u00f1o-Sarria.jpg\"><img decoding=\"async\" class=\"wp-image-3964 size-full\" title=\"Frontal moble bany Sarri\u00e0\" src=\"https:\/\/araminteriors.com\/wp-content\/uploads\/2015\/12\/Frontal-mueble-ba\u00f1o-Sarria.jpg\" alt=\"Frontal moble bany Sarri\u00e0\" width=\"900\" height=\"600\" srcset=\"https:\/\/araminteriors.com\/wp-content\/uploads\/2015\/12\/Frontal-mueble-ba\u00f1o-Sarria.jpg 900w, https:\/\/araminteriors.com\/wp-content\/uploads\/2015\/12\/Frontal-mueble-ba\u00f1o-Sarria-225x150.jpg 225w, https:\/\/araminteriors.com\/wp-content\/uploads\/2015\/12\/Frontal-mueble-ba\u00f1o-Sarria-500x333.jpg 500w, https:\/\/araminteriors.com\/wp-content\/uploads\/2015\/12\/Frontal-mueble-ba\u00f1o-Sarria-600x400.jpg 600w, https:\/\/araminteriors.com\/wp-content\/uploads\/2015\/12\/Frontal-mueble-ba\u00f1o-Sarria-272x182.jpg 272w\" sizes=\"(max-width: 900px) 100vw, 900px\" \/><\/a><figcaption id=\"caption-attachment-3964\" class=\"wp-caption-text\">Frontal moble bany<\/figcaption><\/figure>\n<figure id=\"attachment_3966\" aria-describedby=\"caption-attachment-3966\" style=\"width: 890px\" class=\"wp-caption aligncenter\"><a href=\"https:\/\/araminteriors.com\/wp-content\/uploads\/2015\/12\/Detalle-grifo-ba\u00f1o-Sarria.jpg\"><img decoding=\"async\" class=\"wp-image-3966 size-full\" title=\"Detall aixeta rentamans bany Sarria\" src=\"https:\/\/araminteriors.com\/wp-content\/uploads\/2015\/12\/Detalle-grifo-ba\u00f1o-Sarria.jpg\" alt=\"Detall aixeta rentamans bany Sarria\" width=\"900\" height=\"600\" srcset=\"https:\/\/araminteriors.com\/wp-content\/uploads\/2015\/12\/Detalle-grifo-ba\u00f1o-Sarria.jpg 900w, https:\/\/araminteriors.com\/wp-content\/uploads\/2015\/12\/Detalle-grifo-ba\u00f1o-Sarria-225x150.jpg 225w, https:\/\/araminteriors.com\/wp-content\/uploads\/2015\/12\/Detalle-grifo-ba\u00f1o-Sarria-500x333.jpg 500w, https:\/\/araminteriors.com\/wp-content\/uploads\/2015\/12\/Detalle-grifo-ba\u00f1o-Sarria-600x400.jpg 600w, https:\/\/araminteriors.com\/wp-content\/uploads\/2015\/12\/Detalle-grifo-ba\u00f1o-Sarria-272x182.jpg 272w\" sizes=\"(max-width: 900px) 100vw, 900px\" \/><\/a><figcaption id=\"caption-attachment-3966\" class=\"wp-caption-text\">Detall aixeta rentamans<\/figcaption><\/figure>\n<p>Perpendicularment i separada per un muret a mitja al\u00e7ada, la banyera, que incorpora una mampara realitzada en vidre transparent per no reduir la sensaci\u00f3 d'amplitud , amb guies Klein encastades en el fals sostre.<\/p>\n<div id='gallery-1' class='gallery galleryid-6893 gallery-columns-2 gallery-size-large'><figure class='gallery-item'>\n\t\t\t<div class='gallery-icon portrait'>\n\t\t\t\t<a href='https:\/\/araminteriors.com\/wp-content\/uploads\/2015\/12\/Murete-ba\u00f1o-Sarria.jpg'><img decoding=\"async\" width=\"600\" height=\"900\" src=\"https:\/\/araminteriors.com\/wp-content\/uploads\/2015\/12\/Murete-ba\u00f1o-Sarria.jpg\" class=\"attachment-large size-large\" alt=\"Muret bany Sarria\" srcset=\"https:\/\/araminteriors.com\/wp-content\/uploads\/2015\/12\/Murete-ba\u00f1o-Sarria.jpg 600w, https:\/\/araminteriors.com\/wp-content\/uploads\/2015\/12\/Murete-ba\u00f1o-Sarria-267x400.jpg 267w\" sizes=\"(max-width: 600px) 100vw, 600px\" \/><\/a>\n\t\t\t<\/div><\/figure><figure class='gallery-item'>\n\t\t\t<div class='gallery-icon portrait'>\n\t\t\t\t<a href='https:\/\/araminteriors.com\/wp-content\/uploads\/2015\/12\/Murete-y-mampara.jpg'><img decoding=\"async\" width=\"600\" height=\"900\" src=\"https:\/\/araminteriors.com\/wp-content\/uploads\/2015\/12\/Murete-y-mampara.jpg\" class=\"attachment-large size-large\" alt=\"Junta muret i mampara\" srcset=\"https:\/\/araminteriors.com\/wp-content\/uploads\/2015\/12\/Murete-y-mampara.jpg 600w, https:\/\/araminteriors.com\/wp-content\/uploads\/2015\/12\/Murete-y-mampara-267x400.jpg 267w\" sizes=\"(max-width: 600px) 100vw, 600px\" \/><\/a>\n\t\t\t<\/div><\/figure>\n\t\t<\/div>\n\n<figure id=\"attachment_3969\" aria-describedby=\"caption-attachment-3969\" style=\"width: 890px\" class=\"wp-caption aligncenter\"><a href=\"https:\/\/araminteriors.com\/wp-content\/uploads\/2015\/12\/Detalle-guia-mampara-025.jpg\"><img decoding=\"async\" class=\"wp-image-3969 size-full\" title=\"Detall gu\u00eda mampara Klein banyera \" src=\"https:\/\/araminteriors.com\/wp-content\/uploads\/2015\/12\/Detalle-guia-mampara-025.jpg\" alt=\"Detall gu\u00eda mampara Klein banyera \" width=\"900\" height=\"600\" srcset=\"https:\/\/araminteriors.com\/wp-content\/uploads\/2015\/12\/Detalle-guia-mampara-025.jpg 900w, https:\/\/araminteriors.com\/wp-content\/uploads\/2015\/12\/Detalle-guia-mampara-025-225x150.jpg 225w, https:\/\/araminteriors.com\/wp-content\/uploads\/2015\/12\/Detalle-guia-mampara-025-500x333.jpg 500w, https:\/\/araminteriors.com\/wp-content\/uploads\/2015\/12\/Detalle-guia-mampara-025-600x400.jpg 600w, https:\/\/araminteriors.com\/wp-content\/uploads\/2015\/12\/Detalle-guia-mampara-025-272x182.jpg 272w\" sizes=\"(max-width: 900px) 100vw, 900px\" \/><\/a><figcaption id=\"caption-attachment-3969\" class=\"wp-caption-text\">Detall gu\u00eda mampara Klein banyera<\/figcaption><\/figure>\n<p>&nbsp;<\/p>\n<p style=\"text-align: justify;\">L'aixeta de la banyera, est\u00e0 composta per un termost\u00e0tic de Hansgrohe que, a m\u00e9s del sistema de tele dutxa, incorpora una gran dutxa mural de 360x190mm. Al final de la banyera, una zona amb nintxols d'obra, crea un espai per a tovalloles i altres per gaudir del bany.<\/p>\n<p>&nbsp;<\/p>\n<div id='gallery-2' class='gallery galleryid-6893 gallery-columns-2 gallery-size-large'><figure class='gallery-item'>\n\t\t\t<div class='gallery-icon portrait'>\n\t\t\t\t<a href='https:\/\/araminteriors.com\/wp-content\/uploads\/2015\/12\/Vista-ba\u00f1era-Sarria.jpg'><img decoding=\"async\" width=\"600\" height=\"900\" src=\"https:\/\/araminteriors.com\/wp-content\/uploads\/2015\/12\/Vista-ba\u00f1era-Sarria.jpg\" class=\"attachment-large size-large\" alt=\"Vista banyera bany Sarri\u00e0\" srcset=\"https:\/\/araminteriors.com\/wp-content\/uploads\/2015\/12\/Vista-ba\u00f1era-Sarria.jpg 600w, https:\/\/araminteriors.com\/wp-content\/uploads\/2015\/12\/Vista-ba\u00f1era-Sarria-267x400.jpg 267w\" sizes=\"(max-width: 600px) 100vw, 600px\" \/><\/a>\n\t\t\t<\/div><\/figure><figure class='gallery-item'>\n\t\t\t<div class='gallery-icon portrait'>\n\t\t\t\t<a href='https:\/\/araminteriors.com\/wp-content\/uploads\/2015\/12\/Vista-hornacina-Sarria.jpg'><img decoding=\"async\" width=\"600\" height=\"900\" src=\"https:\/\/araminteriors.com\/wp-content\/uploads\/2015\/12\/Vista-hornacina-Sarria.jpg\" class=\"attachment-large size-large\" alt=\"forn\u00edcula en paret banyera\" srcset=\"https:\/\/araminteriors.com\/wp-content\/uploads\/2015\/12\/Vista-hornacina-Sarria.jpg 600w, https:\/\/araminteriors.com\/wp-content\/uploads\/2015\/12\/Vista-hornacina-Sarria-267x400.jpg 267w\" sizes=\"(max-width: 600px) 100vw, 600px\" \/><\/a>\n\t\t\t<\/div><\/figure>\n\t\t<\/div>\n\n<figure id=\"attachment_3973\" aria-describedby=\"caption-attachment-3973\" style=\"width: 890px\" class=\"wp-caption aligncenter\"><a href=\"https:\/\/araminteriors.com\/wp-content\/uploads\/2015\/12\/Griferia-HansGrohe-ba\u00f1era.jpg\"><img decoding=\"async\" class=\"wp-image-3973 size-full\" title=\"Aixeta HansGrohe banyera\" src=\"https:\/\/araminteriors.com\/wp-content\/uploads\/2015\/12\/Griferia-HansGrohe-ba\u00f1era.jpg\" alt=\"Aixeta HansGrohe banyera\" width=\"900\" height=\"600\" srcset=\"https:\/\/araminteriors.com\/wp-content\/uploads\/2015\/12\/Griferia-HansGrohe-ba\u00f1era.jpg 900w, https:\/\/araminteriors.com\/wp-content\/uploads\/2015\/12\/Griferia-HansGrohe-ba\u00f1era-225x150.jpg 225w, https:\/\/araminteriors.com\/wp-content\/uploads\/2015\/12\/Griferia-HansGrohe-ba\u00f1era-500x333.jpg 500w, https:\/\/araminteriors.com\/wp-content\/uploads\/2015\/12\/Griferia-HansGrohe-ba\u00f1era-600x400.jpg 600w, https:\/\/araminteriors.com\/wp-content\/uploads\/2015\/12\/Griferia-HansGrohe-ba\u00f1era-272x182.jpg 272w\" sizes=\"(max-width: 900px) 100vw, 900px\" \/><\/a><figcaption id=\"caption-attachment-3973\" class=\"wp-caption-text\">Aixeta HansGrohe banyera<\/figcaption><\/figure>\n<p>El revestiment de parets, de gres porcel\u00e0nic, combina dos colors, un de fosc per a paviment, paret frontal i banyera i un altre clar, m\u00e9s c\u00e0lid, per a la resta de les parets.<\/p>\n<figure id=\"attachment_3974\" aria-describedby=\"caption-attachment-3974\" style=\"width: 890px\" class=\"wp-caption aligncenter\"><a href=\"https:\/\/araminteriors.com\/wp-content\/uploads\/2015\/12\/Vista-fondo-ba\u00f1o-Sarria.jpg\"><img decoding=\"async\" class=\"wp-image-3974 size-full\" title=\"Vista fons bany Sarri\u00e0\" src=\"https:\/\/araminteriors.com\/wp-content\/uploads\/2015\/12\/Vista-fondo-ba\u00f1o-Sarria.jpg\" alt=\"Vista fons bany Sarri\u00e0\" width=\"900\" height=\"600\" srcset=\"https:\/\/araminteriors.com\/wp-content\/uploads\/2015\/12\/Vista-fondo-ba\u00f1o-Sarria.jpg 900w, https:\/\/araminteriors.com\/wp-content\/uploads\/2015\/12\/Vista-fondo-ba\u00f1o-Sarria-225x150.jpg 225w, https:\/\/araminteriors.com\/wp-content\/uploads\/2015\/12\/Vista-fondo-ba\u00f1o-Sarria-500x333.jpg 500w, https:\/\/araminteriors.com\/wp-content\/uploads\/2015\/12\/Vista-fondo-ba\u00f1o-Sarria-600x400.jpg 600w, https:\/\/araminteriors.com\/wp-content\/uploads\/2015\/12\/Vista-fondo-ba\u00f1o-Sarria-272x182.jpg 272w\" sizes=\"(max-width: 900px) 100vw, 900px\" \/><\/a><figcaption id=\"caption-attachment-3974\" class=\"wp-caption-text\">Vista fons bany<\/figcaption><\/figure>\n<p>En <strong>la reforma d'aquest bany<\/strong> s'ha buscat tot moment conjugar est\u00e8tica i qualitat en els materials: Les aixetes, el conjunt de dutxa de <strong>HansGrohe <\/strong>i els sanitaris de <strong>Duravit: <\/strong>qualitat per a molts anys.<\/p>\n<hr \/>\n<p>Esperem que us hagi agradat la distribuci\u00f3 i el disseny d'aquesta reforma integral d'un pis, si ho desitges pots sol\u00b7licitar una visita al nostre estudi d'interiorisme i rehabilitaci\u00f3 d'interiors.<\/p>\n<p style=\"text-align: center;\"><a href=\"https:\/\/araminteriors.com\/ca\/contacte\/\"><span style=\"color: #fc5800;\"><br \/>\nSol\u00b7licitar visita a l'estudi -<\/span><\/a><\/p>\n<p>&nbsp;<\/p>\n<p>[ssbp]<\/p>\n<\/div>\n<\/div><\/div><div id=\"panel-6893-0-0-1\" class=\"so-panel widget widget_sow-post-carousel panel-last-child\" data-index=\"1\" ><div\n\t\t\t\n\t\t\tclass=\"so-widget-sow-post-carousel so-widget-sow-post-carousel-base-ad93eedad001-6893\"\n\t\t\t\n\t\t>\t<div\n\t\tclass=\"sow-post-carousel-wrapper sow-post-carousel-theme-base\"\n\t\tstyle=\"overflow: hidden; max-width: 100%; min-height: 182px\"\n\t>\n\t\t<div class=\"sow-carousel-title has-title\">\n\t<h3 class=\"widget-title\">Altress articles:<\/h3>\t\t<div class=\"sow-carousel-navigation \">\n\t\t\t\t\t\t<a href=\"#\" class=\"sow-carousel-next\" title=\"Next\" aria-label=\"Next Posts\" role=\"button\"><\/a>\n\t\t\t\t\t\t<a href=\"#\" class=\"sow-carousel-previous\" title=\"Previous\" aria-label=\"Previous Posts\" role=\"button\"><\/a>\n\t\t\t\t\t<\/div>\n\t<\/div>\n\n<div class=\"sow-carousel-container \">\n\t\t<div class=\"sow-carousel-wrapper\"\n\t\tdata-dir=\"ltr\"\n\t\tstyle=\"opacity: 0;\"\n\t\tdata-widget=\"post\" data-fetching=\"false\" data-page=\"1\" data-ajax-url=\"https:\/\/araminteriors.com\/wp-admin\/admin-ajax.php?_widgets_nonce=c7829307ed\" data-item_count=\"10\" data-carousel_settings=\"{&quot;loop&quot;:true,&quot;animation&quot;:&quot;Ease&quot;,&quot;animation_speed&quot;:400,&quot;autoplay&quot;:&quot;&quot;,&quot;pauseOnHover&quot;:&quot;&quot;,&quot;autoplaySpeed&quot;:8000,&quot;item_overflow&quot;:true,&quot;autoplay_continuous_scroll&quot;:false}\" data-responsive=\"{&quot;desktop_slides_to_scroll&quot;:1,&quot;tablet_landscape_breakpoint&quot;:1366,&quot;tablet_landscape_slides_to_scroll&quot;:2,&quot;tablet_portrait_breakpoint&quot;:1025,&quot;tablet_portrait_slides_to_scroll&quot;:2,&quot;mobile_breakpoint&quot;:480,&quot;mobile_slides_to_scroll&quot;:1}\" data-variable_width=\"true\" \t>\n\t\t<div\n\t\t\tclass=\"sow-carousel-items\"\n\t\t\t\t\t>\n\t\t\t\t<div class=\"sow-carousel-item\" tabindex=\"-1\" style=\"float: left;\">\n\t\t<div class=\"sow-carousel-thumbnail\">\n\t\t\t\t\t\t\t<a\n\t\t\t\t\thref=\"https:\/\/araminteriors.com\/ca\/reforma-cuina-oberta-eixample-barcelona\/\"\n\t\t\t\t\t\t\t\t\t\tstyle=\"background-image: url( https:\/\/araminteriors.com\/wp-content\/uploads\/2018\/01\/Vista-general-cocina-abierta-Eixample-272x182.jpg )\"\n\t\t\t\t\taria-labelledby=\"sow-carousel-id-6708\"\n\t\t\t\t\ttabindex=\"-1\"\n\t\t\t\t>\n\t\t\t\t\t<span class=\"overlay\"><\/span>\n\t\t\t\t<\/a>\n\t\t\t\t\t<\/div>\n\t\t<h3 class=\"sow-carousel-item-title\">\n\t\t\t<a\n\t\t\t\thref=\"https:\/\/araminteriors.com\/ca\/reforma-cuina-oberta-eixample-barcelona\/\"\n\t\t\t\tid=\"sow-carousel-id-6708\"\n\t\t\t\t\t\t\t\ttabindex=\"-1\"\n\t\t\t>\n\n\t\t\t\tReforma cuina oberta a l&#8217; Eixample, Barcelona\t\t\t<\/a>\n\t\t<\/h3>\n\t<\/div>\n\t\t<div class=\"sow-carousel-item\" tabindex=\"-1\" style=\"float: left;\">\n\t\t<div class=\"sow-carousel-thumbnail\">\n\t\t\t\t\t\t\t<a\n\t\t\t\t\thref=\"https:\/\/araminteriors.com\/ca\/reforma-cuina-oberta-gracia-barcelona\/\"\n\t\t\t\t\t\t\t\t\t\tstyle=\"background-image: url( https:\/\/araminteriors.com\/wp-content\/uploads\/2017\/12\/Reforma-cocina-abierta-Gracia-Imagen-Principal--272x182.jpg )\"\n\t\t\t\t\taria-labelledby=\"sow-carousel-id-6719\"\n\t\t\t\t\ttabindex=\"-1\"\n\t\t\t\t>\n\t\t\t\t\t<span class=\"overlay\"><\/span>\n\t\t\t\t<\/a>\n\t\t\t\t\t<\/div>\n\t\t<h3 class=\"sow-carousel-item-title\">\n\t\t\t<a\n\t\t\t\thref=\"https:\/\/araminteriors.com\/ca\/reforma-cuina-oberta-gracia-barcelona\/\"\n\t\t\t\tid=\"sow-carousel-id-6719\"\n\t\t\t\t\t\t\t\ttabindex=\"-1\"\n\t\t\t>\n\n\t\t\t\tReforma de cuina oberta a Gr\u00e0cia, Barcelona\t\t\t<\/a>\n\t\t<\/h3>\n\t<\/div>\n\t\t<div class=\"sow-carousel-item\" tabindex=\"-1\" style=\"float: left;\">\n\t\t<div class=\"sow-carousel-thumbnail\">\n\t\t\t\t\t\t\t<a\n\t\t\t\t\thref=\"https:\/\/araminteriors.com\/ca\/reforma-cuina-gracia-barcelona\/\"\n\t\t\t\t\t\t\t\t\t\tstyle=\"background-image: url( https:\/\/araminteriors.com\/wp-content\/uploads\/2017\/05\/Vista-principal-cocina-en-Gracia-272x182.jpg )\"\n\t\t\t\t\taria-labelledby=\"sow-carousel-id-6832\"\n\t\t\t\t\ttabindex=\"-1\"\n\t\t\t\t>\n\t\t\t\t\t<span class=\"overlay\"><\/span>\n\t\t\t\t<\/a>\n\t\t\t\t\t<\/div>\n\t\t<h3 class=\"sow-carousel-item-title\">\n\t\t\t<a\n\t\t\t\thref=\"https:\/\/araminteriors.com\/ca\/reforma-cuina-gracia-barcelona\/\"\n\t\t\t\tid=\"sow-carousel-id-6832\"\n\t\t\t\t\t\t\t\ttabindex=\"-1\"\n\t\t\t>\n\n\t\t\t\tReforma de cuina a Gracia, Barcelona\t\t\t<\/a>\n\t\t<\/h3>\n\t<\/div>\n\t\t<div class=\"sow-carousel-item\" tabindex=\"-1\" style=\"float: left;\">\n\t\t<div class=\"sow-carousel-thumbnail\">\n\t\t\t\t\t\t\t<a\n\t\t\t\t\thref=\"https:\/\/araminteriors.com\/ca\/reforma-cuina-sant-just-desvern\/\"\n\t\t\t\t\t\t\t\t\t\tstyle=\"background-image: url( https:\/\/araminteriors.com\/wp-content\/uploads\/2017\/03\/Reforma-cocina-Sant-Just-Barcelona-272x182.jpg )\"\n\t\t\t\t\taria-labelledby=\"sow-carousel-id-6839\"\n\t\t\t\t\ttabindex=\"-1\"\n\t\t\t\t>\n\t\t\t\t\t<span class=\"overlay\"><\/span>\n\t\t\t\t<\/a>\n\t\t\t\t\t<\/div>\n\t\t<h3 class=\"sow-carousel-item-title\">\n\t\t\t<a\n\t\t\t\thref=\"https:\/\/araminteriors.com\/ca\/reforma-cuina-sant-just-desvern\/\"\n\t\t\t\tid=\"sow-carousel-id-6839\"\n\t\t\t\t\t\t\t\ttabindex=\"-1\"\n\t\t\t>\n\n\t\t\t\tReforma cuina a Sant Just Desvern\t\t\t<\/a>\n\t\t<\/h3>\n\t<\/div>\n\t\t\t<\/div>\n\t\t\t<\/div>\n\n\t<\/div>\n\t\t<input type=\"hidden\" name=\"instance_hash\" value=\"a1dd177a\"\/>\n\t<\/div>\n<\/div><\/div><\/div><\/div><\/div>","protected":false},"excerpt":{"rendered":"<p style=\"text-align: justify;\">Presentem la reforma integral d&#8217;un bany realitzada al barri de Sarri\u00e0 a Barcelona. Es tracta del bany principal de l&#8217;habitatge i s&#8217;ha buscat conjuminar un disseny elegant i materials de qualitat.<\/p>\n","protected":false},"author":3,"featured_media":6284,"comment_status":"closed","ping_status":"closed","sticky":false,"template":"","format":"standard","meta":{"generate_page_header":"","footnotes":""},"categories":[57],"tags":[62],"class_list":["post-6893","post","type-post","status-publish","format-standard","has-post-thumbnail","hentry","category-reformes-a-barcelona","tag-projectes-reformes-banys","generate-columns","tablet-grid-50","mobile-grid-100","grid-parent","grid-33"],"aioseo_notices":[],"_links":{"self":[{"href":"https:\/\/araminteriors.com\/ca\/wp-json\/wp\/v2\/posts\/6893","targetHints":{"allow":["GET"]}}],"collection":[{"href":"https:\/\/araminteriors.com\/ca\/wp-json\/wp\/v2\/posts"}],"about":[{"href":"https:\/\/araminteriors.com\/ca\/wp-json\/wp\/v2\/types\/post"}],"author":[{"embeddable":true,"href":"https:\/\/araminteriors.com\/ca\/wp-json\/wp\/v2\/users\/3"}],"replies":[{"embeddable":true,"href":"https:\/\/araminteriors.com\/ca\/wp-json\/wp\/v2\/comments?post=6893"}],"version-history":[{"count":3,"href":"https:\/\/araminteriors.com\/ca\/wp-json\/wp\/v2\/posts\/6893\/revisions"}],"predecessor-version":[{"id":15110,"href":"https:\/\/araminteriors.com\/ca\/wp-json\/wp\/v2\/posts\/6893\/revisions\/15110"}],"wp:featuredmedia":[{"embeddable":true,"href":"https:\/\/araminteriors.com\/ca\/wp-json\/wp\/v2\/media\/6284"}],"wp:attachment":[{"href":"https:\/\/araminteriors.com\/ca\/wp-json\/wp\/v2\/media?parent=6893"}],"wp:term":[{"taxonomy":"category","embeddable":true,"href":"https:\/\/araminteriors.com\/ca\/wp-json\/wp\/v2\/categories?post=6893"},{"taxonomy":"post_tag","embeddable":true,"href":"https:\/\/araminteriors.com\/ca\/wp-json\/wp\/v2\/tags?post=6893"}],"curies":[{"name":"wp","href":"https:\/\/api.w.org\/{rel}","templated":true}]}}