{"id":61,"count":2,"description":"En aquesta categoria presentem els diferents projectes d'interiorisme de locals comercials que hem dut a terme en els \u00faltims temps.\r\n\r\nEn un local no prou la majoria de vegades amb aplicar conceptes d'interiorisme, mobiliari i decoraci\u00f3; Tamb\u00e9 \u00e9s necess\u00e0ria una reforma integral per adaptar-ho a les necessitats dels treballadors i del material exposat en, per exemple, una tenda.\r\n\r\nA Aram Interiors ens encarreguem de tot, des de l'estudi previ i l'elaboraci\u00f3 de pl\u00e0nols t\u00e8cnics i de distribuci\u00f3 en estreta col\u00b7laboraci\u00f3 amb el nostre client per preparar l'espai i ja aix\u00ed despr\u00e9s procedir amb la inclusi\u00f3 d'elements com la il\u00b7luminaci\u00f3, aire condicionat i calefacci\u00f3, etc, per posteriorment procedir a la col\u00b7locaci\u00f3 del mobiliari o altres elements necessaris segons el tipus d'empresa o negoci.\r\n\r\nSeguint les etiquetes que hi ha sota cada article pots veure altres treballs relacionats:\r\n\r\n- Interiorisme\r\n\r\nO tamb\u00e9 pots accedir a la categoria de Treballs realitzats de Reforma a Barcelona per veure tots els projectes.\r\n\r\nEsperem us agradin els articles. \r\n\r\n\r\n-","link":"https:\/\/araminteriors.com\/ca\/tag\/projectes-locals-comercials\/","name":"Locals comercials","slug":"projectes-locals-comercials","taxonomy":"post_tag","meta":[],"_links":{"self":[{"href":"https:\/\/araminteriors.com\/ca\/wp-json\/wp\/v2\/tags\/61","targetHints":{"allow":["GET"]}}],"collection":[{"href":"https:\/\/araminteriors.com\/ca\/wp-json\/wp\/v2\/tags"}],"about":[{"href":"https:\/\/araminteriors.com\/ca\/wp-json\/wp\/v2\/taxonomies\/post_tag"}],"wp:post_type":[{"href":"https:\/\/araminteriors.com\/ca\/wp-json\/wp\/v2\/posts?tags=61"}],"curies":[{"name":"wp","href":"https:\/\/api.w.org\/{rel}","templated":true}]}}