{"id":64,"count":2,"description":"Tot projecte comen\u00e7a pel seu estudi personalitzat i \u00e9s en l'execuci\u00f3 de l'obra on es plasmen els resultats.\r\n\r\nAmb la reforma integral culminem el proc\u00e9s d'estudi i planificaci\u00f3 d'un projecte, amb la col\u00b7laboraci\u00f3 del nostre equip d'obra i els industrials que intervenen en cadascun d'ells.\r\n\r\nUna correcta planificaci\u00f3 i execuci\u00f3 dels treballs permetr\u00e0 acabar l'obra en els terminis acordats amb el client i uns par\u00e0metres establerts de servei i qualitat culminaran en una satisfacci\u00f3 total tant per al client com para nosaltres.\r\n\r\nAquests s\u00f3n els principals projectes de reforma integral que presentem en aquesta p\u00e0gina:\r\n\r\n-","link":"https:\/\/araminteriors.com\/ca\/tag\/projectes-reforma-integral\/","name":"Reforma integral","slug":"projectes-reforma-integral","taxonomy":"post_tag","meta":[],"_links":{"self":[{"href":"https:\/\/araminteriors.com\/ca\/wp-json\/wp\/v2\/tags\/64","targetHints":{"allow":["GET"]}}],"collection":[{"href":"https:\/\/araminteriors.com\/ca\/wp-json\/wp\/v2\/tags"}],"about":[{"href":"https:\/\/araminteriors.com\/ca\/wp-json\/wp\/v2\/taxonomies\/post_tag"}],"wp:post_type":[{"href":"https:\/\/araminteriors.com\/ca\/wp-json\/wp\/v2\/posts?tags=64"}],"curies":[{"name":"wp","href":"https:\/\/api.w.org\/{rel}","templated":true}]}}